{"id":48813,"date":"2026-09-02T14:14:18","date_gmt":"2026-09-02T12:14:18","guid":{"rendered":"https:\/\/infermeriabalear.com\/?p=48813"},"modified":"2026-09-03T12:42:22","modified_gmt":"2026-09-03T10:42:22","slug":"cuidar-residencias-2026","status":"publish","type":"post","link":"https:\/\/infermeriabalear.com\/ca\/2026\/09\/02\/cuidar-residencias-2026\/","title":{"rendered":"El COIBA organitza la I Jornada Interilles \u00abCuidar en resid\u00e8ncies avui: desafiaments assistencials i experi\u00e8ncies compartides\u00bb"},"content":{"rendered":"<div class=\"wp-block-column\" style=\"flex-basis: 66.66%;\">\r\n<figure class=\"wp-block-image size-large\"><\/figure>\r\n<!-- \/wp:post-content --><\/div>\r\n<h3><!-- \/wp:column -->\r\n\r\n<!-- wp:column {\"width\":33.33} --><\/h3>\r\n<div>\r\n<p><img loading=\"lazy\" decoding=\"async\" class=\"wp-image-48822 aligncenter\" src=\"https:\/\/infermeriabalear.com\/wp-content\/uploads\/2026\/09\/1.png\" alt=\"\" width=\"621\" height=\"349\" srcset=\"https:\/\/infermeriabalear.com\/wp-content\/uploads\/2026\/09\/1.png 1400w, https:\/\/infermeriabalear.com\/wp-content\/uploads\/2026\/09\/1-300x169.png 300w, https:\/\/infermeriabalear.com\/wp-content\/uploads\/2026\/09\/1-400x225.png 400w, https:\/\/infermeriabalear.com\/wp-content\/uploads\/2026\/09\/1-768x432.png 768w, https:\/\/infermeriabalear.com\/wp-content\/uploads\/2026\/09\/1-18x10.png 18w\" sizes=\"auto, (max-width: 621px) 100vw, 621px\" \/><\/p>\r\n<p>La Comissi\u00f3 de Cures a les Persones Grans del Col\u00b7legi Oficial d\u2019Infermeres i Infermers de les Illes Balears (COIBA) organitza el proper divendres 2 d'octubre la I Jornada Interilles \u00abCuidar en resid\u00e8ncies avui: desafiaments assistencials i experi\u00e8ncies compartides\u00bb, una trobada dirigida a professionals de l'\u00e0mbit sociosanitari i de la geriatria.<\/p>\r\n<p>La jornada se celebrar\u00e0 de forma presencial a la seu del COIBA a Menorca i neix amb l'objectiu de crear un espai de trobada entre professionals de diferents illes per compartir experi\u00e8ncies reals, abordar els reptes actuals de l'atenci\u00f3 residencial i posar en com\u00fa estrat\u00e8gies i bones pr\u00e0ctiques que contribueixin a millorar la qualitat de les cures, emmarcats en una societat que s'enfronta a un envelliment progressiu de la poblaci\u00f3, un augment de la depend\u00e8ncia i de la complexitat assistencial, com tamb\u00e9 amb la dificultat per captar i fidelitzar professionals i la necessitat d'avan\u00e7ar cap a una atenci\u00f3 cada vegada m\u00e9s humana i centrada en la persona.<\/p>\r\n<p>Durant la trobada s'abordaran q\u00fcestions com ara la humanitzaci\u00f3 de les cures, la promoci\u00f3 de l'autonomia i la participaci\u00f3 dels residents, les iniciatives que poden marcar una difer\u00e8ncia en el seu benestar i l'\u00fas de tecnologies senzilles per millorar la seguretat i l'atenci\u00f3.<\/p>\r\n<p>&nbsp;<\/p>\r\n<\/div>\r\n<div>\r\n<p><strong>M\u00e9s informaci\u00f3 de la jornada:<\/strong><\/p>\r\n<ul>\r\n<li style=\"list-style-type: none;\">\r\n<ul>\r\n<li><strong>Data i hora<\/strong>: 2 d'octubre, de 09:30 h. a 17:00 h.<\/li>\r\n<li><strong>Llocs:<\/strong> seu del COIBA en Menorca<\/li>\r\n<li><strong>Acreditaci\u00f3<\/strong> sol\u00b7licitada.<\/li>\r\n<li><strong>Inscripcions:<\/strong><a href=\"https:\/\/vu.infermeriabalear.com\/ca\/congresos\/\/6-i-jornada-interilles-cuidar-en-residencies-avui-desafiaments-assistencials-i-experiencies-compartides-entre-professionals-i-residents\" target=\"_blank\" rel=\"noopener\"><span style=\"color: #73c7d1;\"> AQU\u00cd <\/span><\/a><strong>. Data l\u00edmit<\/strong>: 28 de setembre. La jornada t\u00e9 aforament limitat i l'assist\u00e8ncia \u00e9s presencial.<\/li>\r\n<li><strong>Programa provisional<\/strong>: <a href=\"https:\/\/infermeriabalear.com\/wp-content\/uploads\/2026\/09\/Programa_resis_web_CAT.png\" target=\"_blank\" rel=\"noopener\"><span style=\"color: #73c7d1;\">AQU\u00cd\u00a0\u00a0<\/span><\/a><\/li>\r\n<li><strong>Preu: <\/strong>inscripci\u00f3 gratu\u00efta.\u00a0<\/li>\r\n<li><strong>Contacte:<\/strong> si teniu qualsevol dubte, podeu contactar amb l'equip del COIBA a trav\u00e9s del tel\u00e8fon (971 462728) o per correu electr\u00f2nic (<span style=\"color: #73c8d1;\"><a style=\"color: #73c8d1;\" href=\"mailto:coiba.pm@infermeriabalear.com\">coiba.pm@infermeriabalear.com<\/a><\/span>).<\/li>\r\n<\/ul>\r\n<\/li>\r\n<\/ul>\r\n<\/div>","protected":false},"excerpt":{"rendered":"<p>La Comisi\u00f3n de Cuidados a las Personas Mayores del Col\u00b7legi Oficial d\u2019Infermeres i Infermers de les Illes Balears (COIBA) organiza&#8230;<\/p>","protected":false},"author":9,"featured_media":48822,"comment_status":"closed","ping_status":"closed","sticky":false,"template":"","format":"standard","meta":{"footnotes":""},"categories":[427,314,370],"tags":[529,101,377,428,527,478,431],"class_list":["post-48813","post","type-post","status-publish","format-standard","has-post-thumbnail","hentry","category-docus-geriatria","category-eventos-coiba","category-noticias-destacadas","tag-balear","tag-eventos","tag-geriatria","tag-gerontologia","tag-jornada","tag-personas-mayores","tag-residencias"],"_links":{"self":[{"href":"https:\/\/infermeriabalear.com\/ca\/wp-json\/wp\/v2\/posts\/48813","targetHints":{"allow":["GET"]}}],"collection":[{"href":"https:\/\/infermeriabalear.com\/ca\/wp-json\/wp\/v2\/posts"}],"about":[{"href":"https:\/\/infermeriabalear.com\/ca\/wp-json\/wp\/v2\/types\/post"}],"author":[{"embeddable":true,"href":"https:\/\/infermeriabalear.com\/ca\/wp-json\/wp\/v2\/users\/9"}],"replies":[{"embeddable":true,"href":"https:\/\/infermeriabalear.com\/ca\/wp-json\/wp\/v2\/comments?post=48813"}],"version-history":[{"count":4,"href":"https:\/\/infermeriabalear.com\/ca\/wp-json\/wp\/v2\/posts\/48813\/revisions"}],"predecessor-version":[{"id":48828,"href":"https:\/\/infermeriabalear.com\/ca\/wp-json\/wp\/v2\/posts\/48813\/revisions\/48828"}],"wp:featuredmedia":[{"embeddable":true,"href":"https:\/\/infermeriabalear.com\/ca\/wp-json\/wp\/v2\/media\/48822"}],"wp:attachment":[{"href":"https:\/\/infermeriabalear.com\/ca\/wp-json\/wp\/v2\/media?parent=48813"}],"wp:term":[{"taxonomy":"category","embeddable":true,"href":"https:\/\/infermeriabalear.com\/ca\/wp-json\/wp\/v2\/categories?post=48813"},{"taxonomy":"post_tag","embeddable":true,"href":"https:\/\/infermeriabalear.com\/ca\/wp-json\/wp\/v2\/tags?post=48813"}],"curies":[{"name":"wp","href":"https:\/\/api.w.org\/{rel}","templated":true}]}}