{"id":48834,"date":"2026-09-03T17:42:46","date_gmt":"2026-09-03T15:42:46","guid":{"rendered":"https:\/\/infermeriabalear.com\/?p=48834"},"modified":"2026-09-03T17:42:46","modified_gmt":"2026-09-03T15:42:46","slug":"oposiciones-ibsalut-lista-provisional-admitidos-y-excluidos-concurso-oposicion-de-la-categoria-enfermera","status":"publish","type":"post","link":"https:\/\/infermeriabalear.com\/ca\/2026\/09\/03\/oposiciones-ibsalut-lista-provisional-admitidos-y-excluidos-concurso-oposicion-de-la-categoria-enfermera\/","title":{"rendered":"Oposicions IBSALUT: llista PROVISIONAL admesos i exclosos concurs-oposici\u00f3 de la categoria Infermera"},"content":{"rendered":"<p><strong>02\/09\/2026:<\/strong> Resoluci\u00f3 del director general del Servei de Salut de les illes Balears per la qual s'aproven les llistes <strong>provisionals<\/strong> d'aspirants admesos i exclosos en el concurs oposici\u00f3 per a cobrir places vacants de personal estatutari fix de la categoria professional <strong>d'infermer\/infermera<\/strong> del Servei de Salut de les Illes Balears<\/p>\n<blockquote><p>Consultar <span style=\"color: #76c8d1;\"><strong><a style=\"color: #76c8d1;\" href=\"https:\/\/infermeriabalear.com\/wp-content\/uploads\/2026\/09\/Resolucio-llistes-provisionals-admesos-i-exclosos.pdf\" target=\"_blank\" rel=\"noopener\">Resoluci\u00f3 i llistes<\/a><\/strong><\/span><\/p><\/blockquote>\n<p>&nbsp;<\/p>\n<p>Termini de presentaci\u00f3 d'al\u00b7legacions: <strong>deu dies h\u00e0bils <\/strong>a comptar des de l'endem\u00e0 de la publicaci\u00f3 d'aquesta resoluci\u00f3, per a formular al\u00b7legacions -que no tindran car\u00e0cter de recurs-, i per a esmenar, si \u00e9s el cas, el defecte que hagi motivat l'exclusi\u00f3 i\/o aportar la documentaci\u00f3 necess\u00e0ria <strong>(fins al 16 de setembre de 2026)<\/strong><\/p>\n<p>&nbsp;<\/p>\n<p>M\u00e9s informaci\u00f3:<a href=\"https:\/\/www.ibsalut.es\/professionals\/recursos-humans\/treballa-amb-nosaltres\/oposicions\/oposicio\" target=\"_blank\" rel=\"noopener\"><strong> <span style=\"color: #76c8d1;\"><em>IBSALUT-CONCURS\/OPOSICI\u00d3<\/em><\/span><\/strong><\/a><\/p>","protected":false},"excerpt":{"rendered":"<p>02\/09\/2026: Resoluci\u00f3n del director general del Servicio de Salud de las Islas Baleares por la que se aprueban las listas&#8230;<\/p>","protected":false},"author":14,"featured_media":23684,"comment_status":"open","ping_status":"closed","sticky":false,"template":"","format":"standard","meta":{"footnotes":""},"categories":[313,376],"tags":[635,393,122],"class_list":["post-48834","post","type-post","status-publish","format-standard","has-post-thumbnail","hentry","category-concurso_opos","category-noticias-destacadas-2columna","tag-admitidos","tag-enfermera","tag-oposiciones"],"_links":{"self":[{"href":"https:\/\/infermeriabalear.com\/ca\/wp-json\/wp\/v2\/posts\/48834","targetHints":{"allow":["GET"]}}],"collection":[{"href":"https:\/\/infermeriabalear.com\/ca\/wp-json\/wp\/v2\/posts"}],"about":[{"href":"https:\/\/infermeriabalear.com\/ca\/wp-json\/wp\/v2\/types\/post"}],"author":[{"embeddable":true,"href":"https:\/\/infermeriabalear.com\/ca\/wp-json\/wp\/v2\/users\/14"}],"replies":[{"embeddable":true,"href":"https:\/\/infermeriabalear.com\/ca\/wp-json\/wp\/v2\/comments?post=48834"}],"version-history":[{"count":2,"href":"https:\/\/infermeriabalear.com\/ca\/wp-json\/wp\/v2\/posts\/48834\/revisions"}],"predecessor-version":[{"id":48837,"href":"https:\/\/infermeriabalear.com\/ca\/wp-json\/wp\/v2\/posts\/48834\/revisions\/48837"}],"wp:featuredmedia":[{"embeddable":true,"href":"https:\/\/infermeriabalear.com\/ca\/wp-json\/wp\/v2\/media\/23684"}],"wp:attachment":[{"href":"https:\/\/infermeriabalear.com\/ca\/wp-json\/wp\/v2\/media?parent=48834"}],"wp:term":[{"taxonomy":"category","embeddable":true,"href":"https:\/\/infermeriabalear.com\/ca\/wp-json\/wp\/v2\/categories?post=48834"},{"taxonomy":"post_tag","embeddable":true,"href":"https:\/\/infermeriabalear.com\/ca\/wp-json\/wp\/v2\/tags?post=48834"}],"curies":[{"name":"wp","href":"https:\/\/api.w.org\/{rel}","templated":true}]}}