{"id":48839,"date":"2026-09-04T12:04:17","date_gmt":"2026-09-04T10:04:17","guid":{"rendered":"https:\/\/infermeriabalear.com\/?p=48839"},"modified":"2026-09-04T12:09:49","modified_gmt":"2026-09-04T10:09:49","slug":"participacion-nursecare","status":"publish","type":"post","link":"https:\/\/infermeriabalear.com\/ca\/2026\/09\/04\/participacion-nursecare\/","title":{"rendered":"Convocat\u00f2ria de participaci\u00f3: Projecte de recerca europeu NurseCare"},"content":{"rendered":"<p>Des de la UIB et conviden a participar en el projecte de recerca NurseCare (La cura de si de les infermeres com un cam\u00ed \u00e8tic i pol\u00edtic cap a la just\u00edcia social), finan\u00e7at per la Comissi\u00f3 Europea (Horizon Europe \u2013 MSCA Postdoctoral Global Fellowship) i desenvolupat entre la Universitat de les Illes Balears i la University of Ottawa.<\/p>\n<p>L' <strong>objectiu<\/strong> de l'estudi \u00e9s comprendre el paper de les infermeres en l'avan\u00e7 de la just\u00edcia social, analitzant com, enmig de la crisi global de les cures, responen i actuen enfront de les injust\u00edcies vinculades al seu estatus i condicions laborals en l'entorn assistencial a trav\u00e9s de pr\u00e0ctiques de la cura en si.<\/p>\n<p><strong>Requisits per participar:<\/strong><\/p>\n<ul>\n<li style=\"list-style-type: none;\">\n<ul>\n<li>Ser infermer\/a en el sistema sanitari p\u00fablic espanyol.<\/li>\n<li>Comptar amb, al menys, 6 mesos d'experi\u00e8ncia professional.<\/li>\n<li>Identificar-te com un\/a professional amb perspectiva cr\u00edtica.<\/li>\n<li>Tenir fluidesa en espanyol o catal\u00e0.<\/li>\n<\/ul>\n<\/li>\n<\/ul>\n<p>&nbsp;<\/p>\n<p><strong>En qu\u00e8 consisteix la col\u00b7laboraci\u00f3?<\/strong> Realitzaci\u00f3 d'una entrevista individual i confidencial en l\u00ednia (via Microsoft Teams), que es programar\u00e0 en el dia i horari que millor s'adapti a la disponibilitat del participant.<\/p>\n<p><strong>Contacte i inscripci\u00f3:<\/strong> Les persones interessades a participar o rebre m\u00e9s informaci\u00f3 poden escriure directament a la investigadora principal, la Dra. Camelia L\u00f3pez Deflory, a trav\u00e9s del correu electr\u00f2nic: camelia.lopez@uib.es<\/p>","protected":false},"excerpt":{"rendered":"<p>Desde la UIB te invitan a participar en el proyecto de investigaci\u00f3n NurseCare (La cura de s\u00ed de las enfermeras&#8230;<\/p>","protected":false},"author":9,"featured_media":48840,"comment_status":"open","ping_status":"closed","sticky":false,"template":"","format":"standard","meta":{"footnotes":""},"categories":[970,315],"tags":[454,374,1349,593],"class_list":["post-48839","post","type-post","status-publish","format-standard","has-post-thumbnail","hentry","category-participacion-estudios","category-noticias","tag-estudio","tag-investigacion","tag-nursecare","tag-uib"],"_links":{"self":[{"href":"https:\/\/infermeriabalear.com\/ca\/wp-json\/wp\/v2\/posts\/48839","targetHints":{"allow":["GET"]}}],"collection":[{"href":"https:\/\/infermeriabalear.com\/ca\/wp-json\/wp\/v2\/posts"}],"about":[{"href":"https:\/\/infermeriabalear.com\/ca\/wp-json\/wp\/v2\/types\/post"}],"author":[{"embeddable":true,"href":"https:\/\/infermeriabalear.com\/ca\/wp-json\/wp\/v2\/users\/9"}],"replies":[{"embeddable":true,"href":"https:\/\/infermeriabalear.com\/ca\/wp-json\/wp\/v2\/comments?post=48839"}],"version-history":[{"count":7,"href":"https:\/\/infermeriabalear.com\/ca\/wp-json\/wp\/v2\/posts\/48839\/revisions"}],"predecessor-version":[{"id":48847,"href":"https:\/\/infermeriabalear.com\/ca\/wp-json\/wp\/v2\/posts\/48839\/revisions\/48847"}],"wp:featuredmedia":[{"embeddable":true,"href":"https:\/\/infermeriabalear.com\/ca\/wp-json\/wp\/v2\/media\/48840"}],"wp:attachment":[{"href":"https:\/\/infermeriabalear.com\/ca\/wp-json\/wp\/v2\/media?parent=48839"}],"wp:term":[{"taxonomy":"category","embeddable":true,"href":"https:\/\/infermeriabalear.com\/ca\/wp-json\/wp\/v2\/categories?post=48839"},{"taxonomy":"post_tag","embeddable":true,"href":"https:\/\/infermeriabalear.com\/ca\/wp-json\/wp\/v2\/tags?post=48839"}],"curies":[{"name":"wp","href":"https:\/\/api.w.org\/{rel}","templated":true}]}}