{"id":15156,"date":"2020-10-02T10:11:07","date_gmt":"2020-10-02T09:11:07","guid":{"rendered":"https:\/\/infermeriabalear.com\/?p=15156"},"modified":"2021-08-12T10:45:22","modified_gmt":"2021-08-12T09:45:22","slug":"reflexiones-sobre-volverse-anciano","status":"publish","type":"post","link":"https:\/\/infermeriabalear.com\/es\/2020\/10\/02\/reflexiones-sobre-volverse-anciano\/","title":{"rendered":"Reflexiones sobre volverse anciano"},"content":{"rendered":"<h3 style=\"text-align: left;\">Reacci\u00f3n del Col\u00b7legi Oficial d&#8217;Infermeria de les Illes Balears, de la Associaci\u00f3 Balear d&#8217;Infermeria Geri\u00e0trica i Gerontol\u00f2gica, de la Societat Balear de Geriatria i Gerontologia, de la Societat Balear de Cures Pal\u00b7liatives y del Col\u00b7legi Oficial de Metges de Balears al art\u00edculo de opini\u00f3n &#8220;Volverse anciano&#8221;, publicado en el diario \u00daltima Hora.<\/h3>\n<p>&nbsp;<\/p>\n<p style=\"text-align: left;\">Lee la carta\u00a0<a href=\"https:\/\/www.infermeriabalear.com\/imagenes\/uploads\/files\/02102020132822-volverseancianopdf.pdf\" target=\"_blank\" rel=\"noopener\">AQU\u00cd.<img decoding=\"async\" class=\"imgDescarga\" src=\"https:\/\/www.infermeriabalear.com\/imagenes\/descargar.gif\" \/><\/a><\/p>\n","protected":false},"excerpt":{"rendered":"<p>Reacci\u00f3n del Col\u00b7legi Oficial d&#8217;Infermeria de les Illes Balears, de la Associaci\u00f3 Balear d&#8217;Infermeria Geri\u00e0trica i Gerontol\u00f2gica, de la Societat&#8230;<\/p>\n","protected":false},"author":9,"featured_media":15161,"comment_status":"closed","ping_status":"closed","sticky":false,"template":"","format":"standard","meta":{"footnotes":""},"categories":[427,315],"tags":[430,377,428,429,124],"class_list":["post-15156","post","type-post","status-publish","format-standard","has-post-thumbnail","hentry","category-docus-geriatria","category-noticias","tag-anciano","tag-geriatria","tag-gerontologia","tag-mayores","tag-noticias"],"_links":{"self":[{"href":"https:\/\/infermeriabalear.com\/es\/wp-json\/wp\/v2\/posts\/15156","targetHints":{"allow":["GET"]}}],"collection":[{"href":"https:\/\/infermeriabalear.com\/es\/wp-json\/wp\/v2\/posts"}],"about":[{"href":"https:\/\/infermeriabalear.com\/es\/wp-json\/wp\/v2\/types\/post"}],"author":[{"embeddable":true,"href":"https:\/\/infermeriabalear.com\/es\/wp-json\/wp\/v2\/users\/9"}],"replies":[{"embeddable":true,"href":"https:\/\/infermeriabalear.com\/es\/wp-json\/wp\/v2\/comments?post=15156"}],"version-history":[{"count":2,"href":"https:\/\/infermeriabalear.com\/es\/wp-json\/wp\/v2\/posts\/15156\/revisions"}],"predecessor-version":[{"id":15163,"href":"https:\/\/infermeriabalear.com\/es\/wp-json\/wp\/v2\/posts\/15156\/revisions\/15163"}],"wp:featuredmedia":[{"embeddable":true,"href":"https:\/\/infermeriabalear.com\/es\/wp-json\/wp\/v2\/media\/15161"}],"wp:attachment":[{"href":"https:\/\/infermeriabalear.com\/es\/wp-json\/wp\/v2\/media?parent=15156"}],"wp:term":[{"taxonomy":"category","embeddable":true,"href":"https:\/\/infermeriabalear.com\/es\/wp-json\/wp\/v2\/categories?post=15156"},{"taxonomy":"post_tag","embeddable":true,"href":"https:\/\/infermeriabalear.com\/es\/wp-json\/wp\/v2\/tags?post=15156"}],"curies":[{"name":"wp","href":"https:\/\/api.w.org\/{rel}","templated":true}]}}