{"id":15200,"date":"2020-09-07T10:40:04","date_gmt":"2020-09-07T09:40:04","guid":{"rendered":"https:\/\/infermeriabalear.com\/?p=15200"},"modified":"2021-04-13T10:55:41","modified_gmt":"2021-04-13T09:55:41","slug":"la-junta-de-gobierno-rinde-cuentas-ante-los-colegiados-en-la-asamblea-general-ordinaria-2020","status":"publish","type":"post","link":"https:\/\/infermeriabalear.com\/es\/2020\/09\/07\/la-junta-de-gobierno-rinde-cuentas-ante-los-colegiados-en-la-asamblea-general-ordinaria-2020\/","title":{"rendered":"La Junta de Gobierno rinde cuentas ante los colegiados en la Asamblea General ordinaria 2020"},"content":{"rendered":"<h3 style=\"text-align: left;\">Tanto las cuentas del 2019 como el presupuesto 2020 han sido aprobados<\/h3>\n<p>&nbsp;<\/p>\n<p>La Junta de Gobierno del Col\u00b7legi Oficial d\u2019Infermeria de les Illes Balears ha rendido cuentas ante la Asamblea General ordinaria de colegiados del 2019. En una sesi\u00f3n simult\u00e1nea organizada por videoconferencia en Mallorca (Hospital Son Espases), Menorca (sede colegial) e Ibiza (sede colegial), la presidenta, Mar\u00eda Jos\u00e9 Sastre, present\u00f3 la memoria de las actividades llevadas a cabo en 2019.<\/p>\n<p>En el apartado del Plan de Acci\u00f3n para el 2020, Sastre se\u00f1al\u00f3 que mucha de la actividad prevista para el 2020 se ha tenido que modificar o reinventar con motivo de la pandemia, aunque la voluntad de la junta sigue siendo ofrecer el m\u00e1ximo de servicios a los colegiados, adaptando la actividad a las circunstancias actuales.<\/p>\n<p>El COIBA mantendr\u00e1 una amplia oferta formativa, que se complementar\u00e1 con la renovaci\u00f3n del acuerdo con SalusPlay, aprobado de manera un\u00e1nime. En este sentido, la presidenta aclar\u00f3 que la oferta formativa se elabora teniendo en cuenta las necesidades y prioridades establecidas a trav\u00e9s de las encuestas de formaci\u00f3n realizadas por los colegiados y colegiadas.<\/p>\n<p>Liderazgo, Nursing Now, ordenaci\u00f3n profesional y visibilidad enfermera, as\u00ed como el reconocimiento y el fomento de la investigaci\u00f3n enfermera ser\u00e1n algunas de las l\u00edneas m\u00e1s destacables del plan de acci\u00f3n del 2020.<\/p>\n<p>En la asamblea se aprob\u00f3 igualmente la modificaci\u00f3n del nombre de Colegio, que pasar\u00e1 a denominarse Col\u00b7legi Oficial d\u2019Infermeres i Infermers de les Illes Balears, previa modificaci\u00f3n de los Estatutos colegiales. Igualmente, se manifest\u00f3 la voluntad de modernizar el Colegio y adaptarlo a la situaci\u00f3n actual, con el fin de poder realizar asambleas y votaciones virtuales en caso de necesidad. Esta medida que ahora mismo no est\u00e1 permitida por los Estatutos actuales, fomentar\u00eda la participaci\u00f3n de las enfermeras y enfermeros, as\u00ed como la transparencia en la gesti\u00f3n colegial, uno de los ejes fundamentales y prioritarios de la Junta de Gobierno.<\/p>\n<p>As\u00ed mismo, se inform\u00f3 de la necesidad de cambiar la sede colegial debido a problemas estructurales y de espacio, que no permite el desarrollo de la actividad formativa en las condiciones \u00f3ptimas.<\/p>\n<p>En el apartado econ\u00f3mico, el tesorero, Miquel Bennasar, present\u00f3 la auditor\u00eda anual y las cuentas de 2019, as\u00ed como el presupuesto previsto para el 2020.<\/p>\n<p>Toda la documentaci\u00f3n relativa a la asamblea se puede consultar en el\u00a0<a href=\"https:\/\/www.infermeriabalear.com\/registro.php?idgrupo=20200819102426&amp;lan=1\" target=\"_blank\" rel=\"noopener\">siguiente enlace<\/a>.<\/p>\n","protected":false},"excerpt":{"rendered":"<p>Tanto las cuentas del 2019 como el presupuesto 2020 han sido aprobados &nbsp; La Junta de Gobierno del Col\u00b7legi Oficial&#8230;<\/p>\n","protected":false},"author":9,"featured_media":15202,"comment_status":"closed","ping_status":"closed","sticky":false,"template":"","format":"standard","meta":{"footnotes":""},"categories":[315],"tags":[124],"class_list":["post-15200","post","type-post","status-publish","format-standard","has-post-thumbnail","hentry","category-noticias","tag-noticias"],"_links":{"self":[{"href":"https:\/\/infermeriabalear.com\/es\/wp-json\/wp\/v2\/posts\/15200","targetHints":{"allow":["GET"]}}],"collection":[{"href":"https:\/\/infermeriabalear.com\/es\/wp-json\/wp\/v2\/posts"}],"about":[{"href":"https:\/\/infermeriabalear.com\/es\/wp-json\/wp\/v2\/types\/post"}],"author":[{"embeddable":true,"href":"https:\/\/infermeriabalear.com\/es\/wp-json\/wp\/v2\/users\/9"}],"replies":[{"embeddable":true,"href":"https:\/\/infermeriabalear.com\/es\/wp-json\/wp\/v2\/comments?post=15200"}],"version-history":[{"count":2,"href":"https:\/\/infermeriabalear.com\/es\/wp-json\/wp\/v2\/posts\/15200\/revisions"}],"predecessor-version":[{"id":15203,"href":"https:\/\/infermeriabalear.com\/es\/wp-json\/wp\/v2\/posts\/15200\/revisions\/15203"}],"wp:featuredmedia":[{"embeddable":true,"href":"https:\/\/infermeriabalear.com\/es\/wp-json\/wp\/v2\/media\/15202"}],"wp:attachment":[{"href":"https:\/\/infermeriabalear.com\/es\/wp-json\/wp\/v2\/media?parent=15200"}],"wp:term":[{"taxonomy":"category","embeddable":true,"href":"https:\/\/infermeriabalear.com\/es\/wp-json\/wp\/v2\/categories?post=15200"},{"taxonomy":"post_tag","embeddable":true,"href":"https:\/\/infermeriabalear.com\/es\/wp-json\/wp\/v2\/tags?post=15200"}],"curies":[{"name":"wp","href":"https:\/\/api.w.org\/{rel}","templated":true}]}}