{"id":15216,"date":"2020-08-28T10:50:04","date_gmt":"2020-08-28T09:50:04","guid":{"rendered":"https:\/\/infermeriabalear.com\/?p=15216"},"modified":"2021-08-12T10:48:23","modified_gmt":"2021-08-12T09:48:23","slug":"representantes-del-coiba-reivindican-el-papel-de-las-enfermeras-en-las-residencias-de-personas-mayores","status":"publish","type":"post","link":"https:\/\/infermeriabalear.com\/es\/2020\/08\/28\/representantes-del-coiba-reivindican-el-papel-de-las-enfermeras-en-las-residencias-de-personas-mayores\/","title":{"rendered":"Representantes del COIBA reivindican el papel de las enfermeras en las residencias de personas mayores"},"content":{"rendered":"<h3 style=\"text-align: left;\">La presidenta del Colegio Oficial de Enfermer\u00eda de las Islas Baleares (COIBA), Mar\u00eda Jos\u00e9 Sastre, acompa\u00f1ada por la coordinadora de la comisi\u00f3n de geriatr\u00eda del COIBA, Carmen Moreno, se ha reunido hoy con la Consellera d\u2019Afers Socials del Govern de les Illes Balears, Fina Santiago, para ofrecer la colaboraci\u00f3n de las enfermeras con el fin de mejorar la atenci\u00f3n de las personas mayores que viven en las residencias , especialmente en estos momentos de pandemia.<\/h3>\n<p>&nbsp;<\/p>\n<p>&#8220;En la reuni\u00f3n se han podido abordar aspectos de gran relevancia como la necesidad de mejorar las ratios de las enfermeras en residencias de ancianos, con el fin de garantizar la atenci\u00f3n de calidad que merecen nuestros mayores.\u00a0 En este sentido, se ha planteado la necesidad de incorporar la figura de la enfermera especializada en geriatr\u00eda, como profesional preparado para dar respuesta a las necesidades espec\u00edficas de este colectivo.<\/p>\n<p>Otros aspectos que se han puesto sobre la mesa han sido la colaboraci\u00f3n en el desarrollo conjunto de un plan contra la soledad en las personas mayores, as\u00ed como un programa de prevenci\u00f3n del maltrato, una lacra que a menudo pasa desapercibida ya que ocurre en el entorno familiar o domiciliario.<\/p>\n<p>Asimismo, las representantes del COIBA han acordado con la Consellera la redacci\u00f3n de un plan de formaci\u00f3n conjunto para las enfermeras que realizan su trabajo en las residencias, previsto para el primer trimestre de 2021.<\/p>\n","protected":false},"excerpt":{"rendered":"<p>La presidenta del Colegio Oficial de Enfermer\u00eda de las Islas Baleares (COIBA), Mar\u00eda Jos\u00e9 Sastre, acompa\u00f1ada por la coordinadora de&#8230;<\/p>\n","protected":false},"author":9,"featured_media":15817,"comment_status":"closed","ping_status":"closed","sticky":false,"template":"","format":"standard","meta":{"footnotes":""},"categories":[427,315],"tags":[377,428,429,124,431],"class_list":["post-15216","post","type-post","status-publish","format-standard","has-post-thumbnail","hentry","category-docus-geriatria","category-noticias","tag-geriatria","tag-gerontologia","tag-mayores","tag-noticias","tag-residencias"],"_links":{"self":[{"href":"https:\/\/infermeriabalear.com\/es\/wp-json\/wp\/v2\/posts\/15216","targetHints":{"allow":["GET"]}}],"collection":[{"href":"https:\/\/infermeriabalear.com\/es\/wp-json\/wp\/v2\/posts"}],"about":[{"href":"https:\/\/infermeriabalear.com\/es\/wp-json\/wp\/v2\/types\/post"}],"author":[{"embeddable":true,"href":"https:\/\/infermeriabalear.com\/es\/wp-json\/wp\/v2\/users\/9"}],"replies":[{"embeddable":true,"href":"https:\/\/infermeriabalear.com\/es\/wp-json\/wp\/v2\/comments?post=15216"}],"version-history":[{"count":3,"href":"https:\/\/infermeriabalear.com\/es\/wp-json\/wp\/v2\/posts\/15216\/revisions"}],"predecessor-version":[{"id":15220,"href":"https:\/\/infermeriabalear.com\/es\/wp-json\/wp\/v2\/posts\/15216\/revisions\/15220"}],"wp:featuredmedia":[{"embeddable":true,"href":"https:\/\/infermeriabalear.com\/es\/wp-json\/wp\/v2\/media\/15817"}],"wp:attachment":[{"href":"https:\/\/infermeriabalear.com\/es\/wp-json\/wp\/v2\/media?parent=15216"}],"wp:term":[{"taxonomy":"category","embeddable":true,"href":"https:\/\/infermeriabalear.com\/es\/wp-json\/wp\/v2\/categories?post=15216"},{"taxonomy":"post_tag","embeddable":true,"href":"https:\/\/infermeriabalear.com\/es\/wp-json\/wp\/v2\/tags?post=15216"}],"curies":[{"name":"wp","href":"https:\/\/api.w.org\/{rel}","templated":true}]}}