{"id":15415,"date":"2020-01-15T12:53:12","date_gmt":"2020-01-15T11:53:12","guid":{"rendered":"https:\/\/infermeriabalear.com\/?p=15415"},"modified":"2021-04-15T12:14:33","modified_gmt":"2021-04-15T11:14:33","slug":"fotografias-seleccionadas-para-el-calendario-coiba-2020","status":"publish","type":"post","link":"https:\/\/infermeriabalear.com\/es\/2020\/01\/15\/fotografias-seleccionadas-para-el-calendario-coiba-2020\/","title":{"rendered":"Fotograf\u00edas seleccionadas para el Calendario Coiba 2020"},"content":{"rendered":"<h3 style=\"text-align: left;\">Los calendarios del Coiba 2020 ya han empezado a salir. Queremos aprovechar la ocasi\u00f3n para agradecer la participaci\u00f3n de todas las colegiadas que generosamente nos enviaron sus fotograf\u00edas. A continuaci\u00f3n ten\u00e9is el listado de las fotos seleccionadas y su autor\u00eda.Gracias de nuevo!<strong><br \/>\n<\/strong><\/h3>\n<p>&nbsp;<\/p>\n<p>1.Enero<br \/>\nBarbara Stilwell, directora ejecutiva de la campa\u00f1a Nursing Now, habla al acto de adhesi\u00f3n de Baleares a esta iniciativa Internacional. La OMS ha declarado 2020 el a\u00f1o de la enfermera y la comadrona.<\/p>\n<p>2. Febrero<br \/>\nEl d\u00eda 29 de febrero es un d\u00eda &#8220;poco frecuente&#8221; y, por este motivo, es lo elegido para celebrar el D\u00eda Internacional de las Dolencias Raras. Foto: sesi\u00f3n celebrada al *Coiba: &#8220;Gente extraordinaria: las enfermeras con las personas con dolencias poco frecuentes&#8221;<\/p>\n<p>3. Marzo<br \/>\n8 de marzo: D\u00eda Internacional de la Mujer.<br \/>\nFotograf\u00eda: &#8220;Enfermer\u00eda rural&#8221; &#8211; Autora: la colegiada Pilar Rodr\u00edguez Montero.<\/p>\n<p>4. Abril<br \/>\n7 de abril: D\u00eda Mundial de la Salud.<br \/>\nFotograf\u00eda: &#8220;Enfermeras del siglo\u00a0 XXI&#8221; \u2013 Autora: la colegiada Ana Requena Hern\u00e1ndez<\/p>\n<p>5. Mayo<br \/>\n12 de mayo: D\u00eda Internacional de la Enfermera (200 cumplea\u00f1os del nacimiento de Florence Nightingale).<br \/>\nFotograf\u00eda: Foto de grupo de los premiados y las insignias de oro y plata de la ceremonia del D\u00eda de la Enfermera 2019.<\/p>\n<p>6. Junio<br \/>\nFoto de grupo de varias comadronas participantes del taller &#8220;Distocias del parto&#8221;, celebrado el 2019.<\/p>\n<p>7. Julio<br \/>\nFotograf\u00eda: Un equipo directivo de enfermer\u00eda trabajando para mejorar los cuidados de la poblaci\u00f3n de Mallorca \u2013 Autora: la colegiada Clara Vidal Thom\u00e0s.<\/p>\n<p>8. Agost<br \/>\nSemana Mundial de la Lactancia Materna, del 1 al 7 de agosto de 2020.<br \/>\nFotograf\u00eda: VI Jornada balear de lactancia (2019), organizada por el *Coiba.<\/p>\n<p>9. Septiembre<br \/>\nFotograf\u00eda: &#8220;Acompa\u00f1ando a las personas en todos los momentos de la vida y en cualquier situaci\u00f3n&#8221; \u2013 Autora: la colegiada Desir\u00e9e Mata Ram\u00edrez.<\/p>\n<p>10. Octubre<br \/>\nFotograf\u00eda: &#8220;*Enfermeras del siglo XI&#8221; \u2013 Autora: la colegiada Ana Requena Hern\u00e1ndez<\/p>\n<p>11. Noviembre<br \/>\nFotograf\u00eda: &#8220;Celebrando el 25 cumplea\u00f1os de &#8216;Sonrisa M\u00e9dica'&#8221; \u2013 Autora: la colegiada Milagros Figueroa Cezar.<\/p>\n<p>12. Diciembre<br \/>\nEl d\u00eda 18 de diciembre se celebra el D\u00eda Nacional de la Esclerosis M\u00faltiple.<br \/>\nFotograf\u00eda: sesi\u00f3n de Jueves Enfermero &#8220;Conversando con la EM en el Coiba&#8221; (2019).<\/p>\n<p style=\"text-align: left;\">\n","protected":false},"excerpt":{"rendered":"<p>Los calendarios del Coiba 2020 ya han empezado a salir. Queremos aprovechar la ocasi\u00f3n para agradecer la participaci\u00f3n de todas&#8230;<\/p>\n","protected":false},"author":9,"featured_media":15755,"comment_status":"closed","ping_status":"closed","sticky":false,"template":"","format":"standard","meta":{"footnotes":""},"categories":[315],"tags":[124],"class_list":["post-15415","post","type-post","status-publish","format-standard","has-post-thumbnail","hentry","category-noticias","tag-noticias"],"_links":{"self":[{"href":"https:\/\/infermeriabalear.com\/es\/wp-json\/wp\/v2\/posts\/15415","targetHints":{"allow":["GET"]}}],"collection":[{"href":"https:\/\/infermeriabalear.com\/es\/wp-json\/wp\/v2\/posts"}],"about":[{"href":"https:\/\/infermeriabalear.com\/es\/wp-json\/wp\/v2\/types\/post"}],"author":[{"embeddable":true,"href":"https:\/\/infermeriabalear.com\/es\/wp-json\/wp\/v2\/users\/9"}],"replies":[{"embeddable":true,"href":"https:\/\/infermeriabalear.com\/es\/wp-json\/wp\/v2\/comments?post=15415"}],"version-history":[{"count":4,"href":"https:\/\/infermeriabalear.com\/es\/wp-json\/wp\/v2\/posts\/15415\/revisions"}],"predecessor-version":[{"id":15756,"href":"https:\/\/infermeriabalear.com\/es\/wp-json\/wp\/v2\/posts\/15415\/revisions\/15756"}],"wp:featuredmedia":[{"embeddable":true,"href":"https:\/\/infermeriabalear.com\/es\/wp-json\/wp\/v2\/media\/15755"}],"wp:attachment":[{"href":"https:\/\/infermeriabalear.com\/es\/wp-json\/wp\/v2\/media?parent=15415"}],"wp:term":[{"taxonomy":"category","embeddable":true,"href":"https:\/\/infermeriabalear.com\/es\/wp-json\/wp\/v2\/categories?post=15415"},{"taxonomy":"post_tag","embeddable":true,"href":"https:\/\/infermeriabalear.com\/es\/wp-json\/wp\/v2\/tags?post=15415"}],"curies":[{"name":"wp","href":"https:\/\/api.w.org\/{rel}","templated":true}]}}