{"id":17094,"date":"2021-07-16T09:52:00","date_gmt":"2021-07-16T08:52:00","guid":{"rendered":"https:\/\/infermeriabalear.com\/?p=17094"},"modified":"2021-09-06T10:46:59","modified_gmt":"2021-09-06T09:46:59","slug":"la-aemps-informa-sobre-una-nueva-alerta-sanitaria-se-desaconseja-el-uso-de-xeljanz-tofacitinib-en-pacientes-mayores-de-65-anos","status":"publish","type":"post","link":"https:\/\/infermeriabalear.com\/es\/2021\/07\/16\/la-aemps-informa-sobre-una-nueva-alerta-sanitaria-se-desaconseja-el-uso-de-xeljanz-tofacitinib-en-pacientes-mayores-de-65-anos\/","title":{"rendered":"La AEMPS informa sobre una nueva alerta sanitaria: se desaconseja el uso de Xeljanz (tofacitinib) en pacientes mayores de 65 a\u00f1os"},"content":{"rendered":"<div class=\"entradilla\">Nuevo aviso del Departamento de Inspecci\u00f3n y Control de Medicamentos de la Agencia Espa\u00f1ola de Medicamentos y Productos Sanitarios, que actualiza la informaci\u00f3n publicada el pasado 5 de julio<\/div>\n<div class=\"contenido\">\n<p>Xeljanz (tofacitinib): Los\u00a0pacientes mayores de 65 a\u00f1os, pacientes fumadores o exfumadores y\u00a0aquellos con factores de riesgo cardiovascular adicionales o para el\u00a0desarrollo de neoplasias no deber\u00e1n recibir tratamiento con tofacitinib a menos que no se pueda utilizar otra alternativa terap\u00e9utica disponible<\/p>\n<p>Lee y descarga el NUEVO aviso aqu\u00ed: <a href=\"https:\/\/infermeriabalear.com\/wp-content\/uploads\/2021\/07\/NI_MUH_FV-10-2021_tofacitinib_Xeljanz_corregida_15072021.pdf\">NI_MUH_FV-10-2021_tofacitinib_Xeljanz_corregida_15072021<\/a><\/p>\n<\/div>\n","protected":false},"excerpt":{"rendered":"<p>Nuevo aviso del Departamento de Inspecci\u00f3n y Control de Medicamentos de la Agencia Espa\u00f1ola de Medicamentos y Productos Sanitarios, que&#8230;<\/p>\n","protected":false},"author":9,"featured_media":17999,"comment_status":"open","ping_status":"closed","sticky":false,"template":"","format":"standard","meta":{"footnotes":""},"categories":[315],"tags":[416],"class_list":["post-17094","post","type-post","status-publish","format-standard","has-post-thumbnail","hentry","category-noticias","tag-alerta-sanitaria-65-anos"],"_links":{"self":[{"href":"https:\/\/infermeriabalear.com\/es\/wp-json\/wp\/v2\/posts\/17094","targetHints":{"allow":["GET"]}}],"collection":[{"href":"https:\/\/infermeriabalear.com\/es\/wp-json\/wp\/v2\/posts"}],"about":[{"href":"https:\/\/infermeriabalear.com\/es\/wp-json\/wp\/v2\/types\/post"}],"author":[{"embeddable":true,"href":"https:\/\/infermeriabalear.com\/es\/wp-json\/wp\/v2\/users\/9"}],"replies":[{"embeddable":true,"href":"https:\/\/infermeriabalear.com\/es\/wp-json\/wp\/v2\/comments?post=17094"}],"version-history":[{"count":2,"href":"https:\/\/infermeriabalear.com\/es\/wp-json\/wp\/v2\/posts\/17094\/revisions"}],"predecessor-version":[{"id":17096,"href":"https:\/\/infermeriabalear.com\/es\/wp-json\/wp\/v2\/posts\/17094\/revisions\/17096"}],"wp:featuredmedia":[{"embeddable":true,"href":"https:\/\/infermeriabalear.com\/es\/wp-json\/wp\/v2\/media\/17999"}],"wp:attachment":[{"href":"https:\/\/infermeriabalear.com\/es\/wp-json\/wp\/v2\/media?parent=17094"}],"wp:term":[{"taxonomy":"category","embeddable":true,"href":"https:\/\/infermeriabalear.com\/es\/wp-json\/wp\/v2\/categories?post=17094"},{"taxonomy":"post_tag","embeddable":true,"href":"https:\/\/infermeriabalear.com\/es\/wp-json\/wp\/v2\/tags?post=17094"}],"curies":[{"name":"wp","href":"https:\/\/api.w.org\/{rel}","templated":true}]}}