{"id":24847,"date":"2021-09-28T13:15:05","date_gmt":"2021-09-28T11:15:05","guid":{"rendered":"https:\/\/infermeriabalear.com\/?p=24847"},"modified":"2021-10-04T11:34:38","modified_gmt":"2021-10-04T09:34:38","slug":"nuevo-horario-en-la-sede-del-coiba-en-palma-los-viernes","status":"publish","type":"post","link":"https:\/\/infermeriabalear.com\/es\/2021\/09\/28\/nuevo-horario-en-la-sede-del-coiba-en-palma-los-viernes\/","title":{"rendered":"Nuevo Horario en la sede del COIBA en Palma los viernes"},"content":{"rendered":"<p>A partir del mes de octubre, la sede del COIBA en Palma cerrar\u00e1 los viernes a las 18:00 horas. De lunes a jueves, la atenci\u00f3n colegial presencial seguir\u00e1 siendo de 8:00 de la ma\u00f1ana a\u00a0 20:00 de la tarde. Los viernes tambi\u00e9n abre a las 8:00 horas.<\/p>\n<p>La atenci\u00f3n telem\u00e1tica, a trav\u00e9s de la Ventanilla \u00danica, permitir\u00e1 realizar un amplio n\u00famero de tr\u00e1mites, consultas y gestiones, 24 horas al d\u00eda, 7 d\u00edas a la semana, en el \u00e1rea privada de cada colegiada\/o, al que podr\u00e1 acceder con su nombre de usuario y contrase\u00f1a.<\/p>\n<p>Adem\u00e1s de las funcionalidades disponibles hasta el momento, la nueva plataforma reci\u00e9n instalada permite realizar tr\u00e1mites que hasta ahora eran \u00fanicamente presenciales, como la solicitud de becas y ayudas de formaci\u00f3n e investigaci\u00f3n, la obtenci\u00f3n del carnet colegial y otras.<\/p>\n<p>Para ver todo lo que puedes hacer, visita la <a href=\"https:\/\/vu.infermeriabalear.com\/\">Ventanilla \u00danica.\u00a0<\/a><\/p>\n<p>&nbsp;<\/p>\n","protected":false},"excerpt":{"rendered":"<p>A partir del mes de octubre, la sede del COIBA en Palma cerrar\u00e1 los viernes a las 18:00 horas. De&#8230;<\/p>\n","protected":false},"author":9,"featured_media":23937,"comment_status":"open","ping_status":"closed","sticky":false,"template":"","format":"standard","meta":{"footnotes":""},"categories":[315],"tags":[385],"class_list":["post-24847","post","type-post","status-publish","format-standard","has-post-thumbnail","hentry","category-noticias","tag-horario"],"_links":{"self":[{"href":"https:\/\/infermeriabalear.com\/es\/wp-json\/wp\/v2\/posts\/24847","targetHints":{"allow":["GET"]}}],"collection":[{"href":"https:\/\/infermeriabalear.com\/es\/wp-json\/wp\/v2\/posts"}],"about":[{"href":"https:\/\/infermeriabalear.com\/es\/wp-json\/wp\/v2\/types\/post"}],"author":[{"embeddable":true,"href":"https:\/\/infermeriabalear.com\/es\/wp-json\/wp\/v2\/users\/9"}],"replies":[{"embeddable":true,"href":"https:\/\/infermeriabalear.com\/es\/wp-json\/wp\/v2\/comments?post=24847"}],"version-history":[{"count":3,"href":"https:\/\/infermeriabalear.com\/es\/wp-json\/wp\/v2\/posts\/24847\/revisions"}],"predecessor-version":[{"id":24850,"href":"https:\/\/infermeriabalear.com\/es\/wp-json\/wp\/v2\/posts\/24847\/revisions\/24850"}],"wp:featuredmedia":[{"embeddable":true,"href":"https:\/\/infermeriabalear.com\/es\/wp-json\/wp\/v2\/media\/23937"}],"wp:attachment":[{"href":"https:\/\/infermeriabalear.com\/es\/wp-json\/wp\/v2\/media?parent=24847"}],"wp:term":[{"taxonomy":"category","embeddable":true,"href":"https:\/\/infermeriabalear.com\/es\/wp-json\/wp\/v2\/categories?post=24847"},{"taxonomy":"post_tag","embeddable":true,"href":"https:\/\/infermeriabalear.com\/es\/wp-json\/wp\/v2\/tags?post=24847"}],"curies":[{"name":"wp","href":"https:\/\/api.w.org\/{rel}","templated":true}]}}