{"id":25395,"date":"2021-11-08T08:20:18","date_gmt":"2021-11-08T07:20:18","guid":{"rendered":"https:\/\/infermeriabalear.com\/?p=25395"},"modified":"2021-11-17T12:28:58","modified_gmt":"2021-11-17T11:28:58","slug":"la-prueba-extraordinaria-de-acceso-a-la-especialidad-de-enfermeria-familiar-y-comunitaria-se-celebrara-el-dia-11-de-diciembre","status":"publish","type":"post","link":"https:\/\/infermeriabalear.com\/es\/2021\/11\/08\/la-prueba-extraordinaria-de-acceso-a-la-especialidad-de-enfermeria-familiar-y-comunitaria-se-celebrara-el-dia-11-de-diciembre\/","title":{"rendered":"La prueba extraordinaria de acceso a la especialidad de Enfermer\u00eda Familiar y Comunitaria se celebrar\u00e1 el d\u00eda 11 de diciembre"},"content":{"rendered":"<p>El Bolet\u00edn Oficial del Estado (BOE) ha publicado la Resoluci\u00f3n de 4 de noviembre de 2021, de la Secretar\u00eda General de Universidades, por la que se\u00a0 convoca la prueba objetiva correspondiente al acceso al t\u00edtulo de Especialista en Enfermer\u00eda Familiar y Comunitaria.<\/p>\n<p>El objetivo de esta prueba es\u00a0evaluar la competencia de sus aspirantes en sus \u00e1mbitos de conocimientos, habilidades y actitudes necesarios para el adecuado ejercicio de la especialidad de Enfermer\u00eda Familiar y Comunitaria.<\/p>\n<ul>\n<li>La prueba se celebrar\u00e1 el s\u00e1bado 11 de diciembre, en tres turnos, dependiendo del apellido de los aspirantes.<\/li>\n<li>La prueba objetiva tendr\u00e1 una duraci\u00f3n ininterrumpida de 3 horas.<\/li>\n<li>Accede aqu\u00ed a los<a href=\"https:\/\/infermeriabalear.com\/wp-content\/uploads\/2021\/11\/ResolucionAdmitidosExcluidospruebaenfermeriaFyC-1.pdf\"><strong> listados\u00a0provisionales de aspirantes admitidos y excluidos<\/strong> <\/a>publicados por el Ministerio.<\/li>\n<li><strong>Tanto los aspirantes excluidos como los omitidos por no figurar en las listas de admitidos ni en las de excluidos, disponen de un plazo de 10 d\u00edas naturales<\/strong> contados a partir del d\u00eda siguiente a la publicaci\u00f3n en el Bolet\u00edn Oficial del Estado de la presente resoluci\u00f3n para subsanar los defectos que hayan motivado su exclusi\u00f3n o la omisi\u00f3n simult\u00e1nea en las listas de admitidos y excluidos. Los interesados deber\u00e1n presentar sus alegaciones a trav\u00e9s de los mecanismos previstos en el art\u00edculo 16 de la Ley 39\/2015, de 1 de octubre, del Procedimiento Administrativo Com\u00fan de las Administraciones P\u00fablicas, con independencia de su remisi\u00f3n a trav\u00e9s de la direcci\u00f3n de correo electr\u00f3nico: alegaciones.enfermeriafyc@universidades.gob.es<\/li>\n<li>En caso de producirse modificaciones en la relaci\u00f3n de admitidos y excluidos, \u00e9stas figurar\u00e1n en la <strong>relaci\u00f3n definitiva<\/strong> de aspirantes admitidos y excluidos de la prueba que ser\u00e1 publicada en <a href=\"http:\/\/run.gob.es\/enfermeria-FamiliarComunitaria\">este enlace.\u00a0<\/a><\/li>\n<li><strong>Inscripci\u00f3n en la prueba:<\/strong> Quienes est\u00e9n en la lista de admitidos, deber\u00e1n presentar una solicitud de inscripci\u00f3n dentro de los siguientes quince d\u00edas naturales, contados a partir del d\u00eda siguiente al de publicaci\u00f3n de la convocatoria en el \u00abBolet\u00edn Oficial del Estado\u00bb. \u00danicamente los aspirantes que aparezcan en las listas provisionales y definitivas de admitidos podr\u00e1n realizar dicha inscripci\u00f3n, que se realizar\u00e1 en la p\u00e1gina web del Ministerio de Universidades.<\/li>\n<li>La inscripci\u00f3n se realiza a trav\u00e9s de este enlace (activo a partir del 9 de noviembre):<strong> <a href=\"https:\/\/sede.educacion.gob.es\/sede\/login\/inicio.jjsp?idConvocatoria=1574\">Inscripci\u00f3n.<\/a>\u00a0<\/strong><\/li>\n<li><strong><a style=\"color: #3b3b3b;\" href=\"https:\/\/infermeriabalear.com\/wp-content\/uploads\/2021\/11\/Instruccionesprocesodeinscripcion.pdf\">Instrucciones para la inscripci\u00f3n.\u00a0<\/a><\/strong><\/li>\n<li><a href=\"https:\/\/infermeriabalear.com\/wp-content\/uploads\/2021\/11\/PreguntasFrecuentesenfermeriaFyCv2.pdf\"><strong>Preguntas y respuestas frecuentes en relaci\u00f3n a la inscripci\u00f3n y realizaci\u00f3n de la prueba<\/strong><\/a>.<\/li>\n<li><a href=\"http:\/\/run.gob.es\/enfermeria-FamiliarComunitaria\"><strong>M\u00e1s informaci\u00f3n<\/strong> y detalles en la web del Ministerio de Universidades.\u00a0<\/a><\/li>\n<\/ul>\n<p><strong>Accede aqu\u00ed al <a href=\"https:\/\/infermeriabalear.com\/wp-content\/uploads\/2021\/11\/BOE-A-2021-18263.pdf\">BOE de la convocatoria<\/a>.<\/strong><\/p>\n<p>La publicaci\u00f3n del BOE viene a confirmar lo que ya avanzaron la semana pasada la Federaci\u00f3n de Asociaciones de Enfermer\u00eda Familiar y Comunitaria y la Asociaci\u00f3n de Enfermer\u00eda Comunitaria en un <a href=\"https:\/\/infermeriabalear.com\/wp-content\/uploads\/2021\/11\/PRUEBA_EXTRAORDINARIA_AEC_FAECAP_05_11_2021.pdf\">comunicado\u00a0<\/a>.<\/p>\n<p><img loading=\"lazy\" decoding=\"async\" class=\"size-medium wp-image-17888 alignnone\" src=\"https:\/\/infermeriabalear.com\/wp-content\/uploads\/2021\/08\/SalusOne_premium-1-300x156.jpg\" alt=\"\" width=\"300\" height=\"156\" srcset=\"https:\/\/infermeriabalear.com\/wp-content\/uploads\/2021\/08\/SalusOne_premium-1-300x156.jpg 300w, https:\/\/infermeriabalear.com\/wp-content\/uploads\/2021\/08\/SalusOne_premium-1-400x208.jpg 400w, https:\/\/infermeriabalear.com\/wp-content\/uploads\/2021\/08\/SalusOne_premium-1-768x399.jpg 768w, https:\/\/infermeriabalear.com\/wp-content\/uploads\/2021\/08\/SalusOne_premium-1-18x9.jpg 18w, https:\/\/infermeriabalear.com\/wp-content\/uploads\/2021\/08\/SalusOne_premium-1-20x10.jpg 20w, https:\/\/infermeriabalear.com\/wp-content\/uploads\/2021\/08\/SalusOne_premium-1.jpg 800w\" sizes=\"auto, (max-width: 300px) 100vw, 300px\" \/><\/p>\n<p>ATENCI\u00d3N: La empresa de formaci\u00f3n SALUSONE ha puesto a disposici\u00f3n de las colegiadas\/os una serie de recursos para ayudarles a preparar la prueba objetiva. El acceso es gratuito al estar colegiado en el COIBA.<\/p>\n<p>Accede aqu\u00ed a los <a href=\"https:\/\/infermeriabalear.com\/es\/2021\/11\/16\/recursos-salusplay-efyc\/\">RECURSOS\u00a0<\/a><\/p>\n<p>\u00bfTodav\u00eda no te has dado de alta? Te explicamos c\u00f3mo hacerlo <a href=\"https:\/\/infermeriabalear.com\/es\/2021\/11\/17\/salusone-premium-plus\/\">AQU\u00cd.\u00a0<\/a><\/p>\n","protected":false},"excerpt":{"rendered":"<p>El Bolet\u00edn Oficial del Estado (BOE) ha publicado la Resoluci\u00f3n de 4 de noviembre de 2021, de la Secretar\u00eda General&#8230;<\/p>\n","protected":false},"author":9,"featured_media":15526,"comment_status":"open","ping_status":"closed","sticky":false,"template":"","format":"standard","meta":{"footnotes":""},"categories":[376,315],"tags":[578,580,579],"class_list":["post-25395","post","type-post","status-publish","format-standard","has-post-thumbnail","hentry","category-noticias-destacadas-2columna","category-noticias","tag-enfermeria-familiar-y-comunitaria","tag-prueba","tag-via-extraordinaria"],"_links":{"self":[{"href":"https:\/\/infermeriabalear.com\/es\/wp-json\/wp\/v2\/posts\/25395","targetHints":{"allow":["GET"]}}],"collection":[{"href":"https:\/\/infermeriabalear.com\/es\/wp-json\/wp\/v2\/posts"}],"about":[{"href":"https:\/\/infermeriabalear.com\/es\/wp-json\/wp\/v2\/types\/post"}],"author":[{"embeddable":true,"href":"https:\/\/infermeriabalear.com\/es\/wp-json\/wp\/v2\/users\/9"}],"replies":[{"embeddable":true,"href":"https:\/\/infermeriabalear.com\/es\/wp-json\/wp\/v2\/comments?post=25395"}],"version-history":[{"count":5,"href":"https:\/\/infermeriabalear.com\/es\/wp-json\/wp\/v2\/posts\/25395\/revisions"}],"predecessor-version":[{"id":25525,"href":"https:\/\/infermeriabalear.com\/es\/wp-json\/wp\/v2\/posts\/25395\/revisions\/25525"}],"wp:featuredmedia":[{"embeddable":true,"href":"https:\/\/infermeriabalear.com\/es\/wp-json\/wp\/v2\/media\/15526"}],"wp:attachment":[{"href":"https:\/\/infermeriabalear.com\/es\/wp-json\/wp\/v2\/media?parent=25395"}],"wp:term":[{"taxonomy":"category","embeddable":true,"href":"https:\/\/infermeriabalear.com\/es\/wp-json\/wp\/v2\/categories?post=25395"},{"taxonomy":"post_tag","embeddable":true,"href":"https:\/\/infermeriabalear.com\/es\/wp-json\/wp\/v2\/tags?post=25395"}],"curies":[{"name":"wp","href":"https:\/\/api.w.org\/{rel}","templated":true}]}}