{"id":25453,"date":"2021-11-10T15:33:46","date_gmt":"2021-11-10T14:33:46","guid":{"rendered":"https:\/\/infermeriabalear.com\/?p=25453"},"modified":"2021-11-10T15:33:46","modified_gmt":"2021-11-10T14:33:46","slug":"presentacion-y-actividad-en-torno-al-cuento-pon-la-magia-en-el-corazon-sobre-rcp","status":"publish","type":"post","link":"https:\/\/infermeriabalear.com\/es\/2021\/11\/10\/presentacion-y-actividad-en-torno-al-cuento-pon-la-magia-en-el-corazon-sobre-rcp\/","title":{"rendered":"Presentaci\u00f3n y actividad en torno al cuento &#8220;Pon la magia en el coraz\u00f3n&#8221;, sobre RCP"},"content":{"rendered":"<blockquote><p>El evento se celebrar\u00e1 el 22 de noviembre a las 17:30 en el centre Flassaders.<\/p><\/blockquote>\n<p>La enfermera Lourdes Luque, colegiada del COIBA, escribi\u00f3 este cuento con el objetivo de hacerles llegar a los m\u00e1s peque\u00f1os el conocimiento b\u00e1sico de RCP mediante una historia bonita y did\u00e1ctica.<\/p>\n<p>Ella misma nos contar\u00e1 de d\u00f3nde surgi\u00f3 la idea y c\u00f3mo desarroll\u00f3 la historia y, compaginaremos esa presentaci\u00f3n con una actividad para los ni\u00f1os asistentes en la que podr\u00e1n ver, de una forma amena, en qu\u00e9 consiste la Reanimaci\u00f3n Cardiopulmonar.<\/p>\n<p>Entrada gratuita, bajo inscripci\u00f3n previa en el mail: coiba.pm@infermeriabalear.com Por favor, det\u00e1llanos el n\u00famero de personas que vendr\u00e9is y cu\u00e1ntas de ellas son ni\u00f1os. Gracias.<\/p>\n<p>&nbsp;<\/p>\n<p><img loading=\"lazy\" decoding=\"async\" class=\"aligncenter wp-image-25456\" src=\"https:\/\/infermeriabalear.com\/wp-content\/uploads\/2021\/11\/Twitter_cuento_cast.png\" alt=\"\" width=\"1000\" height=\"563\" srcset=\"https:\/\/infermeriabalear.com\/wp-content\/uploads\/2021\/11\/Twitter_cuento_cast.png 1600w, https:\/\/infermeriabalear.com\/wp-content\/uploads\/2021\/11\/Twitter_cuento_cast-300x169.png 300w, https:\/\/infermeriabalear.com\/wp-content\/uploads\/2021\/11\/Twitter_cuento_cast-400x225.png 400w, https:\/\/infermeriabalear.com\/wp-content\/uploads\/2021\/11\/Twitter_cuento_cast-768x432.png 768w, https:\/\/infermeriabalear.com\/wp-content\/uploads\/2021\/11\/Twitter_cuento_cast-1536x864.png 1536w, https:\/\/infermeriabalear.com\/wp-content\/uploads\/2021\/11\/Twitter_cuento_cast-18x10.png 18w\" sizes=\"auto, (max-width: 1000px) 100vw, 1000px\" \/><\/p>\n","protected":false},"excerpt":{"rendered":"<p>El evento se celebrar\u00e1 el 22 de noviembre a las 17:30 en el centre Flassaders. La enfermera Lourdes Luque, colegiada&#8230;<\/p>\n","protected":false},"author":9,"featured_media":25456,"comment_status":"open","ping_status":"closed","sticky":false,"template":"","format":"standard","meta":{"footnotes":""},"categories":[315,370],"tags":[583,584,581,409],"class_list":["post-25453","post","type-post","status-publish","format-standard","has-post-thumbnail","hentry","category-noticias","category-noticias-destacadas","tag-evento","tag-libro","tag-parada-cardiorespiratoria","tag-rcp"],"_links":{"self":[{"href":"https:\/\/infermeriabalear.com\/es\/wp-json\/wp\/v2\/posts\/25453","targetHints":{"allow":["GET"]}}],"collection":[{"href":"https:\/\/infermeriabalear.com\/es\/wp-json\/wp\/v2\/posts"}],"about":[{"href":"https:\/\/infermeriabalear.com\/es\/wp-json\/wp\/v2\/types\/post"}],"author":[{"embeddable":true,"href":"https:\/\/infermeriabalear.com\/es\/wp-json\/wp\/v2\/users\/9"}],"replies":[{"embeddable":true,"href":"https:\/\/infermeriabalear.com\/es\/wp-json\/wp\/v2\/comments?post=25453"}],"version-history":[{"count":1,"href":"https:\/\/infermeriabalear.com\/es\/wp-json\/wp\/v2\/posts\/25453\/revisions"}],"predecessor-version":[{"id":25457,"href":"https:\/\/infermeriabalear.com\/es\/wp-json\/wp\/v2\/posts\/25453\/revisions\/25457"}],"wp:featuredmedia":[{"embeddable":true,"href":"https:\/\/infermeriabalear.com\/es\/wp-json\/wp\/v2\/media\/25456"}],"wp:attachment":[{"href":"https:\/\/infermeriabalear.com\/es\/wp-json\/wp\/v2\/media?parent=25453"}],"wp:term":[{"taxonomy":"category","embeddable":true,"href":"https:\/\/infermeriabalear.com\/es\/wp-json\/wp\/v2\/categories?post=25453"},{"taxonomy":"post_tag","embeddable":true,"href":"https:\/\/infermeriabalear.com\/es\/wp-json\/wp\/v2\/tags?post=25453"}],"curies":[{"name":"wp","href":"https:\/\/api.w.org\/{rel}","templated":true}]}}