{"id":25578,"date":"2021-11-22T11:09:39","date_gmt":"2021-11-22T10:09:39","guid":{"rendered":"https:\/\/infermeriabalear.com\/?p=25578"},"modified":"2021-11-24T09:26:11","modified_gmt":"2021-11-24T08:26:11","slug":"alumnos-de-enfermeria-de-la-uib-premiados-en-el-i-concurso-para-fomentar-la-empatia-a-traves-del-cuento-como-recurso-didactico-y-storytelling","status":"publish","type":"post","link":"https:\/\/infermeriabalear.com\/es\/2021\/11\/22\/alumnos-de-enfermeria-de-la-uib-premiados-en-el-i-concurso-para-fomentar-la-empatia-a-traves-del-cuento-como-recurso-didactico-y-storytelling\/","title":{"rendered":"Alumnos de Enfermer\u00eda de la UIB, premiados  en el I Concurso para Fomentar la Empat\u00eda a trav\u00e9s del Cuento como Recurso Did\u00e1ctico y Storytelling"},"content":{"rendered":"<p>Alumnos de Enfermer\u00eda de la Facultad de Enfermer\u00eda y Fisioterapia de la Universitat de les Illes Balears (UIB), han sido premiados en el I Concurso para Fomentar la Empat\u00eda a trav\u00e9s del Cuento como Recurso Did\u00e1ctico y Storytelling.<\/p>\n<p>En un entorno de pandemia y pospandemia, la empat\u00eda se considera una competencia cl\u00ednica clave para los futuros profesionales sociosanitarios. Tiene y tendr\u00e1 una importancia vital para garantizar la prestaci\u00f3n de cuidados y una atenci\u00f3n de calidad.<\/p>\n<p>Para poder moldear y formar en esta competencia, la empat\u00eda, se pueden utilizar herramientas pedag\u00f3gicas varias. Una es la escritura creativa o reflexiva como parte de la \u201cmedicina narrativa\u201d, que pretende que los alumnos puedan gestionar emociones y aprender narrando sus propias historias.<\/p>\n<p>El primer premio ha sido para Susana Mart\u00edn Alabarces, con el cuento \u201cLa buena estrella\u201d. Es alumna de tercero del grado de Enfermer\u00eda. El segundo premio ha sido para Camila Garc\u00eda Mart\u00ednez, Jose Luis Benlloch Garc\u00eda y Esperanza Alfaro Cruz, alumnos de segundo del grado de Enfermer\u00eda, con el cuento \u201cLa historia del peque\u00f1o Moohj\u201d. El tercero, para Violeta Samarro Mart\u00ednez, alumna de cuarto curso, con el cuento \u201cLucas y el duende\u201d.<\/p>\n<p>Han entregado los premios el doctor Joan Albert Riera, profesor del Departamento de Filosof\u00eda y Trabajo Social; la se\u00f1ora Carme Alorda, profesora del Departamento de Enfermer\u00eda y Fisioterapia, y la se\u00f1ora Nadia Fuster, representante de la Oficina de Cooperaci\u00f3n al Desarrollo y Solidaridad. Tambi\u00e9n han formado parte del jurado Maria Jos\u00e9 Sastre, presidenta del Colegio Oficial de Enfermer\u00eda de las Islas Baleares, y la se\u00f1ora Litha Otero, Secretaria de Organizaci\u00f3n del sindicato SATSE.<\/p>\n<p>&nbsp;<\/p>\n","protected":false},"excerpt":{"rendered":"<p>Alumnos de Enfermer\u00eda de la Facultad de Enfermer\u00eda y Fisioterapia de la Universitat de les Illes Balears (UIB), han sido&#8230;<\/p>\n","protected":false},"author":9,"featured_media":25579,"comment_status":"open","ping_status":"closed","sticky":false,"template":"","format":"standard","meta":{"footnotes":""},"categories":[315],"tags":[408,592,97,593],"class_list":["post-25578","post","type-post","status-publish","format-standard","has-post-thumbnail","hentry","category-noticias","tag-concurso","tag-empatia","tag-enfermeria","tag-uib"],"_links":{"self":[{"href":"https:\/\/infermeriabalear.com\/es\/wp-json\/wp\/v2\/posts\/25578","targetHints":{"allow":["GET"]}}],"collection":[{"href":"https:\/\/infermeriabalear.com\/es\/wp-json\/wp\/v2\/posts"}],"about":[{"href":"https:\/\/infermeriabalear.com\/es\/wp-json\/wp\/v2\/types\/post"}],"author":[{"embeddable":true,"href":"https:\/\/infermeriabalear.com\/es\/wp-json\/wp\/v2\/users\/9"}],"replies":[{"embeddable":true,"href":"https:\/\/infermeriabalear.com\/es\/wp-json\/wp\/v2\/comments?post=25578"}],"version-history":[{"count":1,"href":"https:\/\/infermeriabalear.com\/es\/wp-json\/wp\/v2\/posts\/25578\/revisions"}],"predecessor-version":[{"id":25580,"href":"https:\/\/infermeriabalear.com\/es\/wp-json\/wp\/v2\/posts\/25578\/revisions\/25580"}],"wp:featuredmedia":[{"embeddable":true,"href":"https:\/\/infermeriabalear.com\/es\/wp-json\/wp\/v2\/media\/25579"}],"wp:attachment":[{"href":"https:\/\/infermeriabalear.com\/es\/wp-json\/wp\/v2\/media?parent=25578"}],"wp:term":[{"taxonomy":"category","embeddable":true,"href":"https:\/\/infermeriabalear.com\/es\/wp-json\/wp\/v2\/categories?post=25578"},{"taxonomy":"post_tag","embeddable":true,"href":"https:\/\/infermeriabalear.com\/es\/wp-json\/wp\/v2\/tags?post=25578"}],"curies":[{"name":"wp","href":"https:\/\/api.w.org\/{rel}","templated":true}]}}