{"id":25607,"date":"2021-11-23T12:27:08","date_gmt":"2021-11-23T11:27:08","guid":{"rendered":"https:\/\/infermeriabalear.com\/?p=25607"},"modified":"2021-11-23T12:27:08","modified_gmt":"2021-11-23T11:27:08","slug":"peticion-de-participacion-en-el-estudio-resiliencia-en-personal-sanitario-de-primera-linea-durante-la-pandemia-de-covid-19","status":"publish","type":"post","link":"https:\/\/infermeriabalear.com\/es\/2021\/11\/23\/peticion-de-participacion-en-el-estudio-resiliencia-en-personal-sanitario-de-primera-linea-durante-la-pandemia-de-covid-19\/","title":{"rendered":"Petici\u00f3n de participaci\u00f3n en el estudio: &#8220;Resiliencia en personal sanitario de primera l\u00ednea durante la pandemia de COVID-19&#8221;"},"content":{"rendered":"<p>Investigadoras de la Universidad Pontificia Comillas piden a las enfermeras de Balears colaboraci\u00f3n en un estudio que nace con la motivaci\u00f3n de estudiar el impacto psicol\u00f3gico de haber trabajado como profesional sanitario durante la crisis de la COVID-19, y el estado actual de esos trabajadores en este momento, casi dos a\u00f1os despu\u00e9s del inicio de la crisis sanitaria.<\/p>\n<p>En este proceso de investigaci\u00f3n garantizamos el anonimato de los participantes. El enlace para acceder a la encuesta, que se rellena en 10 minutos aproximadamente, es este: <a href=\"https:\/\/sondeos.comillas.edu\/index.php\/338842?lang=es\" target=\"_blank\" rel=\"noopener\">https:\/\/sondeos.comillas.edu\/index.php\/338842?lang=es<\/a><\/p>\n","protected":false},"excerpt":{"rendered":"<p>Investigadoras de la Universidad Pontificia Comillas piden a las enfermeras de Balears colaboraci\u00f3n en un estudio que nace con la&#8230;<\/p>\n","protected":false},"author":9,"featured_media":25608,"comment_status":"open","ping_status":"closed","sticky":false,"template":"","format":"standard","meta":{"footnotes":""},"categories":[376,315],"tags":[426,595,454],"class_list":["post-25607","post","type-post","status-publish","format-standard","has-post-thumbnail","hentry","category-noticias-destacadas-2columna","category-noticias","tag-covid-19","tag-encuesta","tag-estudio"],"_links":{"self":[{"href":"https:\/\/infermeriabalear.com\/es\/wp-json\/wp\/v2\/posts\/25607","targetHints":{"allow":["GET"]}}],"collection":[{"href":"https:\/\/infermeriabalear.com\/es\/wp-json\/wp\/v2\/posts"}],"about":[{"href":"https:\/\/infermeriabalear.com\/es\/wp-json\/wp\/v2\/types\/post"}],"author":[{"embeddable":true,"href":"https:\/\/infermeriabalear.com\/es\/wp-json\/wp\/v2\/users\/9"}],"replies":[{"embeddable":true,"href":"https:\/\/infermeriabalear.com\/es\/wp-json\/wp\/v2\/comments?post=25607"}],"version-history":[{"count":1,"href":"https:\/\/infermeriabalear.com\/es\/wp-json\/wp\/v2\/posts\/25607\/revisions"}],"predecessor-version":[{"id":25609,"href":"https:\/\/infermeriabalear.com\/es\/wp-json\/wp\/v2\/posts\/25607\/revisions\/25609"}],"wp:featuredmedia":[{"embeddable":true,"href":"https:\/\/infermeriabalear.com\/es\/wp-json\/wp\/v2\/media\/25608"}],"wp:attachment":[{"href":"https:\/\/infermeriabalear.com\/es\/wp-json\/wp\/v2\/media?parent=25607"}],"wp:term":[{"taxonomy":"category","embeddable":true,"href":"https:\/\/infermeriabalear.com\/es\/wp-json\/wp\/v2\/categories?post=25607"},{"taxonomy":"post_tag","embeddable":true,"href":"https:\/\/infermeriabalear.com\/es\/wp-json\/wp\/v2\/tags?post=25607"}],"curies":[{"name":"wp","href":"https:\/\/api.w.org\/{rel}","templated":true}]}}