{"id":27059,"date":"2022-02-15T11:36:51","date_gmt":"2022-02-15T10:36:51","guid":{"rendered":"https:\/\/infermeriabalear.com\/?p=27059"},"modified":"2022-02-15T13:44:35","modified_gmt":"2022-02-15T12:44:35","slug":"coiba-defiende-competencias-aj-palma","status":"publish","type":"post","link":"https:\/\/infermeriabalear.com\/es\/2022\/02\/15\/coiba-defiende-competencias-aj-palma\/","title":{"rendered":"El COIBA defiende las competencias de las enfermeras ante el Ayuntamiento de Palma"},"content":{"rendered":"<p>La presidenta, Maria Jos\u00e9 Sastre, argumenta en una reuni\u00f3n con la regidora de Salud, Elena Navarro, que las enfermeras puedan optar a la plaza de \u201cJefe de servicio\u201d del Ayuntamiento , en base a su formaci\u00f3n y competencia<\/p>\n<p>&nbsp;<\/p>\n<p>La presidenta del Col\u00b7legi Oficial d\u2019Infermeria de les Illes Balears, Maria Jos\u00e9 Sastre, se reuni\u00f3 recientemente con la regidora de Turismo, Sanidad y Consumo del Ayuntamiento de Palma, Elena Navarro Duch y el director general de Sanidad y Consumo, Joaqu\u00edn de Mar\u00eda Arrebola.<\/p>\n<p>Sastre traslad\u00f3 al Ayuntamiento la preocupaci\u00f3n del COIBA porque las enfermeras no puedan optar a las plazas de \u201cJefe de servicio\u201d. En su \u00faltima convocatoria, el Ayuntamiento dirigi\u00f3 la vacante de \u201cjefe de Servicio de Salud y Consumo\u201d \u00fanicamente a personal de la Administraci\u00f3n Especial, con categor\u00eda profesional subgrupo A1. De esta forma, quedaba vetado el acceso a las enfermeras.<\/p>\n<p>Sin embargo, la realidad es que \u201cel perfil y las funciones de la convocatoria publicada encajan perfectamente con las competencias y capacidades de las enfermeras\u201d, explic\u00f3 la presidenta del COIBA, quien hizo un repaso de las competencias recogidas en las diversas normativas reguladoras de los estudios de Enfermer\u00eda y tambi\u00e9n en la formaci\u00f3n de enfermera especialista familiar y comunitaria.<\/p>\n<p>Adem\u00e1s, Sastre record\u00f3 que las enfermeras desarrollan un trabajo clave e imprescindible en el marco de la salud comunitaria, y espec\u00edficamente en la promoci\u00f3n de la salud, que es una de las principales responsabilidades de la plaza de Jefe de servicio de Consumo y Salud.<\/p>\n<p>Desde el COIBA se ha solicitado al Ayuntamiento que, en una futura convocatoria, se incluya a las enfermeras. Igualmente, el \u00f3rgano colegial solicit\u00f3 una copia de la Relaci\u00f3n de Puestos de trabajo (RLT) con el objetivo de revisar todas las plazas y perfiles demandados.<\/p>\n<p>Desde el Ayuntamiento, se escucharon los motivos del COIBA y tomaron nota, para analizar la cuesti\u00f3n con el departamento de personal y funci\u00f3n p\u00fablica, que es el responsable de la modificaci\u00f3n o gesti\u00f3n de las RLT.<\/p>\n","protected":false},"excerpt":{"rendered":"<p>La presidenta, Maria Jos\u00e9 Sastre, argumenta en una reuni\u00f3n con la regidora de Salud, Elena Navarro, que las enfermeras puedan&#8230;<\/p>\n","protected":false},"author":9,"featured_media":27060,"comment_status":"open","ping_status":"closed","sticky":false,"template":"","format":"standard","meta":{"footnotes":""},"categories":[315,370],"tags":[738,707],"class_list":["post-27059","post","type-post","status-publish","format-standard","has-post-thumbnail","hentry","category-noticias","category-noticias-destacadas","tag-ayuntamiento-palma","tag-competencias"],"_links":{"self":[{"href":"https:\/\/infermeriabalear.com\/es\/wp-json\/wp\/v2\/posts\/27059","targetHints":{"allow":["GET"]}}],"collection":[{"href":"https:\/\/infermeriabalear.com\/es\/wp-json\/wp\/v2\/posts"}],"about":[{"href":"https:\/\/infermeriabalear.com\/es\/wp-json\/wp\/v2\/types\/post"}],"author":[{"embeddable":true,"href":"https:\/\/infermeriabalear.com\/es\/wp-json\/wp\/v2\/users\/9"}],"replies":[{"embeddable":true,"href":"https:\/\/infermeriabalear.com\/es\/wp-json\/wp\/v2\/comments?post=27059"}],"version-history":[{"count":2,"href":"https:\/\/infermeriabalear.com\/es\/wp-json\/wp\/v2\/posts\/27059\/revisions"}],"predecessor-version":[{"id":27079,"href":"https:\/\/infermeriabalear.com\/es\/wp-json\/wp\/v2\/posts\/27059\/revisions\/27079"}],"wp:featuredmedia":[{"embeddable":true,"href":"https:\/\/infermeriabalear.com\/es\/wp-json\/wp\/v2\/media\/27060"}],"wp:attachment":[{"href":"https:\/\/infermeriabalear.com\/es\/wp-json\/wp\/v2\/media?parent=27059"}],"wp:term":[{"taxonomy":"category","embeddable":true,"href":"https:\/\/infermeriabalear.com\/es\/wp-json\/wp\/v2\/categories?post=27059"},{"taxonomy":"post_tag","embeddable":true,"href":"https:\/\/infermeriabalear.com\/es\/wp-json\/wp\/v2\/tags?post=27059"}],"curies":[{"name":"wp","href":"https:\/\/api.w.org\/{rel}","templated":true}]}}