{"id":27298,"date":"2022-02-24T13:00:09","date_gmt":"2022-02-24T12:00:09","guid":{"rendered":"https:\/\/infermeriabalear.com\/?p=27298"},"modified":"2022-02-28T11:19:16","modified_gmt":"2022-02-28T10:19:16","slug":"informe-apoyar-y-retener-icn","status":"publish","type":"post","link":"https:\/\/infermeriabalear.com\/es\/2022\/02\/24\/informe-apoyar-y-retener-icn\/","title":{"rendered":"Informe &#8220;Apoyar y retener en 2022 y m\u00e1s all\u00e1: la fuerza laboral de enfermer\u00eda global y la COVID-19&#8221;, realizado por el ICN."},"content":{"rendered":"<p>Este documento, publicado en enero, analiza el impacto en la oferta de enfermeras durante el a\u00f1o 2021, a nivel internacional, y plantea c\u00f3mo apoyar y retener a la fuerza laboral de la profesi\u00f3n durante la pandemia.<\/p>\n<p>(Clica en la imagen para acceder al documento)<\/p>\n<p><a href=\"https:\/\/www.icn.ch\/system\/files\/2022-02\/Sustain%20and%20Retain%20in%202022%20and%20Beyond-%20The%20global%20nursing%20workforce%20and%20the%20COVID-19%20pandemic_SP.pdf\"><img loading=\"lazy\" decoding=\"async\" class=\"alignleft wp-image-27300\" src=\"https:\/\/infermeriabalear.com\/wp-content\/uploads\/2022\/02\/portada-1.jpg\" alt=\"\" width=\"517\" height=\"730\" srcset=\"https:\/\/infermeriabalear.com\/wp-content\/uploads\/2022\/02\/portada-1.jpg 591w, https:\/\/infermeriabalear.com\/wp-content\/uploads\/2022\/02\/portada-1-212x300.jpg 212w, https:\/\/infermeriabalear.com\/wp-content\/uploads\/2022\/02\/portada-1-8x12.jpg 8w\" sizes=\"auto, (max-width: 517px) 100vw, 517px\" \/><\/a><\/p>\n<p>&nbsp;<\/p>\n","protected":false},"excerpt":{"rendered":"<p>Este documento, publicado en enero, analiza el impacto en la oferta de enfermeras durante el a\u00f1o 2021, a nivel internacional,&#8230;<\/p>\n","protected":false},"author":9,"featured_media":27299,"comment_status":"open","ping_status":"closed","sticky":false,"template":"","format":"standard","meta":{"footnotes":""},"categories":[315,751],"tags":[389,549,743,742],"class_list":["post-27298","post","type-post","status-publish","format-standard","has-post-thumbnail","hentry","category-noticias","category-info-icn","tag-covid","tag-enfermeras","tag-icn","tag-informe"],"_links":{"self":[{"href":"https:\/\/infermeriabalear.com\/es\/wp-json\/wp\/v2\/posts\/27298","targetHints":{"allow":["GET"]}}],"collection":[{"href":"https:\/\/infermeriabalear.com\/es\/wp-json\/wp\/v2\/posts"}],"about":[{"href":"https:\/\/infermeriabalear.com\/es\/wp-json\/wp\/v2\/types\/post"}],"author":[{"embeddable":true,"href":"https:\/\/infermeriabalear.com\/es\/wp-json\/wp\/v2\/users\/9"}],"replies":[{"embeddable":true,"href":"https:\/\/infermeriabalear.com\/es\/wp-json\/wp\/v2\/comments?post=27298"}],"version-history":[{"count":3,"href":"https:\/\/infermeriabalear.com\/es\/wp-json\/wp\/v2\/posts\/27298\/revisions"}],"predecessor-version":[{"id":27303,"href":"https:\/\/infermeriabalear.com\/es\/wp-json\/wp\/v2\/posts\/27298\/revisions\/27303"}],"wp:featuredmedia":[{"embeddable":true,"href":"https:\/\/infermeriabalear.com\/es\/wp-json\/wp\/v2\/media\/27299"}],"wp:attachment":[{"href":"https:\/\/infermeriabalear.com\/es\/wp-json\/wp\/v2\/media?parent=27298"}],"wp:term":[{"taxonomy":"category","embeddable":true,"href":"https:\/\/infermeriabalear.com\/es\/wp-json\/wp\/v2\/categories?post=27298"},{"taxonomy":"post_tag","embeddable":true,"href":"https:\/\/infermeriabalear.com\/es\/wp-json\/wp\/v2\/tags?post=27298"}],"curies":[{"name":"wp","href":"https:\/\/api.w.org\/{rel}","templated":true}]}}