{"id":27531,"date":"2022-03-11T09:38:51","date_gmt":"2022-03-11T08:38:51","guid":{"rendered":"https:\/\/infermeriabalear.com\/?p=27531"},"modified":"2022-03-16T13:24:57","modified_gmt":"2022-03-16T12:24:57","slug":"enfermeras-son-la-categoria-profesional-sanitaria-que-sufre-mas-agresiones","status":"publish","type":"post","link":"https:\/\/infermeriabalear.com\/es\/2022\/03\/11\/enfermeras-son-la-categoria-profesional-sanitaria-que-sufre-mas-agresiones\/","title":{"rendered":"El COIBA valora con preocupaci\u00f3n: las enfermeras son la categor\u00eda profesional sanitaria que m\u00e1s agresiones sufre en Balears"},"content":{"rendered":"<p><u>Maria Jos\u00e9 Sastre: \u201cEstas cifras son solo una peque\u00f1a parte del total, porque la realidad es que muchos profesionales sanitarios no denuncian si la agresi\u00f3n no es grave\u201d<\/u><\/p>\n<p>&nbsp;<\/p>\n<p>El Col\u00b7legi Oficial d\u2019Infermeria de les Illes Balears (COIBA) valora con mucha preocupaci\u00f3n las \u00faltimas cifras de agresiones a profesionales sanitarios durante el 2021 publicadas por el IBSalut. En ellas, queda claro que la categor\u00eda profesional que m\u00e1s sufre estas agresiones son las enfermeras (143 casos), por delante de m\u00e9dicos (133), de administrativos (102) y otros profesionales.<\/p>\n<p>\u201cNo podemos aceptar ni tolerar ninguna agresi\u00f3n a ning\u00fan profesional que est\u00e1 en el hospital o en el centro de salud para atender en la poblaci\u00f3n y sus necesidades de salud\u201d, ha condenado Maria Jos\u00e9 Sastre, presidenta del COIBA.<\/p>\n<p>El caso de las enfermeras \u201ces especialmente preocupante\u201d no solo por ser el colectivo profesional que m\u00e1s agresiones sufre, sino porque estas cifras son, seguramente, muy inferiores a las reales.<\/p>\n<p>\u201cLas enfermeras somos profesionales que estamos continuamente en contacto con el paciente, mucho de tiempo y en diferentes situaciones\u201d, ha recordado Maria Jos\u00e9 Sastre. Esto podr\u00eda explicar en parte el elevado n\u00famero de agresiones, incluso por delante del personal de admisi\u00f3n, que lamentablemente tambi\u00e9n las sufre a menudo. Sastre ha se\u00f1alado que \u201cse pueden entender los nervios y el cansancio de la gente relacionados con el tiempo de espera, la carga asistencial o la carencia de recursos, pero no podemos aceptar de ninguna forma que esto derive en malas formas, insultos o incluso agresiones f\u00edsicas\u201d.<\/p>\n<p>Estas cifras son, seguramente, solo una parte de las agresiones que se producen, puesto que los profesionales a menudo no denuncian si los hechos no son graves. \u201cMuchas veces, solo se denuncia cuando la agresi\u00f3n es f\u00edsica, pero hay otras muchas conductas susceptibles de violentar e intimidar al que las sufre, desde el lenguaje ofensivo hasta conductas verbales o f\u00edsicas amenazantes, intimidatorias, abusivas o -en general- irrespetuosas, que no se denuncian\u201d recuerda.<\/p>\n<p>Desde el COIBA insisten en que es necesario presentar denuncia ante cualquier agresi\u00f3n, insulto o falta de respeto. Para facilitar la interposici\u00f3n, el COIBA ha establecido un mecanismo \u00e1gil de colaboraci\u00f3n con la Polic\u00eda Nacional, que permite al colegiado o colegiada presentar la denuncia \u00fanicamente con el n\u00famero de colegiado, sin tener que dar todos los datos.<\/p>\n<p>\u201cEste acuerdo agilizar\u00e1 y facilitar\u00e1 que las enfermeras denuncien, y ya ser\u00e1 el juez o la jueza quien pida posteriormente al Colegio la certificaci\u00f3n de los datos de este profesional\u201d, ha explicado Sastre.<\/p>\n<p>El COIBA dispone tambi\u00e9n de un protocolo de agresiones para apoyar a las enfermeras que han sufrido una agresi\u00f3n, con una doble vertiente. Por un lado, existe una asesor\u00eda de apoyo psicoemocional en el entorno laboral totalmente gratuita y confidencial. Por otra, en caso de agresi\u00f3n, los servicios jur\u00eddicos del COIBA acompa\u00f1an al colegiado en el procedimiento judicial.<\/p>\n","protected":false},"excerpt":{"rendered":"<p>Maria Jos\u00e9 Sastre: \u201cEstas cifras son solo una peque\u00f1a parte del total, porque la realidad es que muchos profesionales sanitarios&#8230;<\/p>\n","protected":false},"author":9,"featured_media":27533,"comment_status":"open","ping_status":"closed","sticky":false,"template":"","format":"standard","meta":{"footnotes":""},"categories":[376,315],"tags":[772,548,477,773],"class_list":["post-27531","post","type-post","status-publish","format-standard","has-post-thumbnail","hentry","category-noticias-destacadas-2columna","category-noticias","tag-afasib","tag-salud-mental","tag-suicidio","tag-supervivientes"],"_links":{"self":[{"href":"https:\/\/infermeriabalear.com\/es\/wp-json\/wp\/v2\/posts\/27531","targetHints":{"allow":["GET"]}}],"collection":[{"href":"https:\/\/infermeriabalear.com\/es\/wp-json\/wp\/v2\/posts"}],"about":[{"href":"https:\/\/infermeriabalear.com\/es\/wp-json\/wp\/v2\/types\/post"}],"author":[{"embeddable":true,"href":"https:\/\/infermeriabalear.com\/es\/wp-json\/wp\/v2\/users\/9"}],"replies":[{"embeddable":true,"href":"https:\/\/infermeriabalear.com\/es\/wp-json\/wp\/v2\/comments?post=27531"}],"version-history":[{"count":2,"href":"https:\/\/infermeriabalear.com\/es\/wp-json\/wp\/v2\/posts\/27531\/revisions"}],"predecessor-version":[{"id":27535,"href":"https:\/\/infermeriabalear.com\/es\/wp-json\/wp\/v2\/posts\/27531\/revisions\/27535"}],"wp:featuredmedia":[{"embeddable":true,"href":"https:\/\/infermeriabalear.com\/es\/wp-json\/wp\/v2\/media\/27533"}],"wp:attachment":[{"href":"https:\/\/infermeriabalear.com\/es\/wp-json\/wp\/v2\/media?parent=27531"}],"wp:term":[{"taxonomy":"category","embeddable":true,"href":"https:\/\/infermeriabalear.com\/es\/wp-json\/wp\/v2\/categories?post=27531"},{"taxonomy":"post_tag","embeddable":true,"href":"https:\/\/infermeriabalear.com\/es\/wp-json\/wp\/v2\/tags?post=27531"}],"curies":[{"name":"wp","href":"https:\/\/api.w.org\/{rel}","templated":true}]}}