{"id":27694,"date":"2022-03-22T09:46:49","date_gmt":"2022-03-22T08:46:49","guid":{"rendered":"https:\/\/infermeriabalear.com\/?p=27694"},"modified":"2022-03-24T09:34:53","modified_gmt":"2022-03-24T08:34:53","slug":"ministerio-de-universidades-publicados-resultados-de-la-prueba-extraordinaria-de-acceso-a-la-especialidad-de-enfermeria-familiar-y-comunitaria-correspondientes-a-la-1a-convocatoria-diciembre-2021","status":"publish","type":"post","link":"https:\/\/infermeriabalear.com\/es\/2022\/03\/22\/ministerio-de-universidades-publicados-resultados-de-la-prueba-extraordinaria-de-acceso-a-la-especialidad-de-enfermeria-familiar-y-comunitaria-correspondientes-a-la-1a-convocatoria-diciembre-2021\/","title":{"rendered":"MINISTERIO DE UNIVERSIDADES: Publicados resultados de la prueba extraordinaria de acceso a la especialidad de Enfermer\u00eda Familiar y Comunitaria, correspondientes a la 1\u00aa convocatoria (diciembre 2021)"},"content":{"rendered":"<p>Resoluci\u00f3n de la Secretar\u00eda General de Universidades, por la que se aprueba la relaci\u00f3n definitiva de resultados de la primera convocatoria de la prueba objetiva correspondiente al acceso al <strong>T\u00edtulo de Especialista en Enfermer\u00eda Familiar y Comunitaria<\/strong><\/p>\n<p>Prueba celebrada el 11 de diciembre de 2021<\/p>\n<p>Consultar resoluci\u00f3n, nota informativa y listado de resultados:<\/p>\n<blockquote><p><strong><a href=\"https:\/\/infermeriabalear.com\/wp-content\/uploads\/2022\/03\/resolucion.pdf\" target=\"_blank\" rel=\"noopener\">Resolucion<\/a><\/strong><\/p>\n<p><strong><a href=\"https:\/\/infermeriabalear.com\/wp-content\/uploads\/2022\/03\/listadosresultados202203121def.pdf\" target=\"_blank\" rel=\"noopener\">Lista de resultados<\/a><\/strong><\/p>\n<p><strong><a href=\"https:\/\/infermeriabalear.com\/wp-content\/uploads\/2022\/03\/notainformativapruebaobjetiva.pdf\" target=\"_blank\" rel=\"noopener\">Nota informativa<\/a><\/strong><\/p><\/blockquote>\n<p>&nbsp;<\/p>\n<p>Se abrir\u00e1 un nuevo plazo de inscripci\u00f3n para la participaci\u00f3n en la segunda convocatoria de los aspirantes admitidos a la prueba objetiva. Las fechas de publicaci\u00f3n del periodo de inscripci\u00f3n y la fecha de celebraci\u00f3n, ser\u00e1n convenientemente publicadas en la web del Ministerio de Universidades.<\/p>\n<p>M\u00e1s informaci\u00f3n y detalles de todo el procedimiento: <a href=\"https:\/\/www.universidades.gob.es\/portal\/site\/universidades\/menuitem.21ef60083f296675105f2c10026041a0\/?vgnextoid=eb2dfa631241a710VgnVCM1000001d04140aRCRD&amp;vgnextchannel=1766aec6f2680710VgnVCM1000001d04140aRCRD\" target=\"_blank\" rel=\"noopener\"><strong>Web-Ministerio Universidades<\/strong><\/a><\/p>\n<p>&nbsp;<\/p>\n","protected":false},"excerpt":{"rendered":"<p>Resoluci\u00f3n de la Secretar\u00eda General de Universidades, por la que se aprueba la relaci\u00f3n definitiva de resultados de la primera&#8230;<\/p>\n","protected":false},"author":14,"featured_media":27702,"comment_status":"open","ping_status":"closed","sticky":false,"template":"","format":"standard","meta":{"footnotes":""},"categories":[315,370],"tags":[578,580,579],"class_list":["post-27694","post","type-post","status-publish","format-standard","has-post-thumbnail","hentry","category-noticias","category-noticias-destacadas","tag-enfermeria-familiar-y-comunitaria","tag-prueba","tag-via-extraordinaria"],"_links":{"self":[{"href":"https:\/\/infermeriabalear.com\/es\/wp-json\/wp\/v2\/posts\/27694","targetHints":{"allow":["GET"]}}],"collection":[{"href":"https:\/\/infermeriabalear.com\/es\/wp-json\/wp\/v2\/posts"}],"about":[{"href":"https:\/\/infermeriabalear.com\/es\/wp-json\/wp\/v2\/types\/post"}],"author":[{"embeddable":true,"href":"https:\/\/infermeriabalear.com\/es\/wp-json\/wp\/v2\/users\/14"}],"replies":[{"embeddable":true,"href":"https:\/\/infermeriabalear.com\/es\/wp-json\/wp\/v2\/comments?post=27694"}],"version-history":[{"count":5,"href":"https:\/\/infermeriabalear.com\/es\/wp-json\/wp\/v2\/posts\/27694\/revisions"}],"predecessor-version":[{"id":27705,"href":"https:\/\/infermeriabalear.com\/es\/wp-json\/wp\/v2\/posts\/27694\/revisions\/27705"}],"wp:featuredmedia":[{"embeddable":true,"href":"https:\/\/infermeriabalear.com\/es\/wp-json\/wp\/v2\/media\/27702"}],"wp:attachment":[{"href":"https:\/\/infermeriabalear.com\/es\/wp-json\/wp\/v2\/media?parent=27694"}],"wp:term":[{"taxonomy":"category","embeddable":true,"href":"https:\/\/infermeriabalear.com\/es\/wp-json\/wp\/v2\/categories?post=27694"},{"taxonomy":"post_tag","embeddable":true,"href":"https:\/\/infermeriabalear.com\/es\/wp-json\/wp\/v2\/tags?post=27694"}],"curies":[{"name":"wp","href":"https:\/\/api.w.org\/{rel}","templated":true}]}}