{"id":29974,"date":"2022-09-20T13:14:39","date_gmt":"2022-09-20T11:14:39","guid":{"rendered":"https:\/\/infermeriabalear.com\/?p=29974"},"modified":"2022-09-21T15:31:41","modified_gmt":"2022-09-21T13:31:41","slug":"informe-juridico-sobre-la-realizacion-de-frenotomias-simples-por-matronas-y-enfermeras-especialistas-en-pediatria","status":"publish","type":"post","link":"https:\/\/infermeriabalear.com\/es\/2022\/09\/20\/informe-juridico-sobre-la-realizacion-de-frenotomias-simples-por-matronas-y-enfermeras-especialistas-en-pediatria\/","title":{"rendered":"Informe jur\u00eddico sobre la realizaci\u00f3n de frenotom\u00edas simples por matronas y enfermeras especialistas en pediatr\u00eda"},"content":{"rendered":"<p>I.-INTRODUCCI\u00d3N.<br \/>\nLa lengua anclada, frenillo corto, o \u2018lengua atada\u2019 es un trastorno cong\u00e9nito conocido t\u00e9cnicamente como &#8220;anquiloglosia&#8221;, que se presenta cuando una banda de tejido corto, grueso o tenso llamada \u2018frenillo lingual\u2019, pega la parte de abajo de la punta de la lengua a la base de la boca de una manera inusual.<\/p>\n<p>La soluci\u00f3n a dicho problema, cuando este es sintom\u00e1tico, suele ser la aplicaci\u00f3n en la edad neonatal de la t\u00e9cnica quir\u00fargica de eliminaci\u00f3n del frenillo conocida como frenectom\u00eda, con la que se trata de resolver y\/o mejorar los problemas que el frenillo corto produce primeramente en la lactancia materna y la alimentaci\u00f3n, y luego en el habla.<\/p>\n<p>&nbsp;<\/p>\n<p>II.-R\u00c9GIMEN LEGAL.<br \/>\nCiertamente, no existe una atribuci\u00f3n expresa de esta funci\u00f3n a las matronas, sin embargo, desde tiempo inmemorial han asumido dicha competencia, dado su conocimiento en neonatos.<\/p>\n<p>Actualmente, la especialidad de Enfermer\u00eda Obst\u00e9trico Ginecol\u00f3gica dota a la matrona de un perfil competencial y de capacidades, entre las que se encuentran:<\/p>\n<ol>\n<li>Favorecer los procesos de adaptaci\u00f3n y detectar precozmente las situaciones de riesgo para el neonato, as\u00ed como;<\/li>\n<li>Aplicar los principios del razonamiento cl\u00ednico, detecci\u00f3n de problemas, toma de decisiones, plan de actuaci\u00f3n y cuidados y evaluaci\u00f3n, adecuados a las diferentes situaciones cl\u00ednicas en el \u00e1mbito de su actuaci\u00f3n. Es m\u00e1s, las matronas son <strong>enfermeras<\/strong> y, como tales, entra dentro de sus competencias la realizaci\u00f3n de <strong>cirug\u00eda menor<\/strong>. Atribuci\u00f3n que empez\u00f3 con los ministrantes, luego a los practicantes, y a los ATS, y cuyo ejercicio profesional se regul\u00f3 espec\u00edficamente en el Decreto 2319\/1960.<\/li>\n<\/ol>\n<p>As\u00ed mismo, la orden SAS\/1730\/2010, de 17 de junio, por la que se aprueba y publica el programa formativo de la especialidad de Enfermer\u00eda Pedi\u00e1trica, define que la enfermera especialista en Enfermer\u00eda Pedi\u00e1trica es el <strong>profesional capacitado<\/strong> para proporcionar cuidados enfermeros especializados de forma aut\u00f3noma, durante la infancia y adolescencia, en todos los niveles de atenci\u00f3n, incluyendo la promoci\u00f3n de la salud, la prevenci\u00f3n de la enfermedad y la asistencia al reci\u00e9n nacido, ni\u00f1o o adolescente sano o enfermo y su rehabilitaci\u00f3n, dentro de un equipo multiprofesional y en colaboraci\u00f3n con enfermeras especialistas de otras \u00e1reas. Entre sus competencias y capacidades se encuentra: realizar y\/o colaborar en los procedimientos de cirug\u00eda menor m\u00e1s habituales en el \u00e1mbito pedi\u00e1trico y los cuidados relacionados de forma efectiva y segura.<\/p>\n<p>En este sentido, la Ley de Ordenaci\u00f3n de las Profesiones Sanitarias (LOPS) (art\u00edculos 7.1 y 7.2 a) atribuye a los diplomados sanitarios la prestaci\u00f3n personal de los cuidados o los servicios propios de su competencia profesional en las distintas fases del proceso de atenci\u00f3n de salud, as\u00ed como la direcci\u00f3n, evaluaci\u00f3n y prestaci\u00f3n de los cuidados de Enfermer\u00eda orientados a la promoci\u00f3n, mantenimiento y recuperaci\u00f3n de la salud, as\u00ed como a la prevenci\u00f3n de enfermedades y discapacidades.<\/p>\n<p>La LOPS recoge la posibilidad de que el personal de Enfermer\u00eda, bajo ciertas condiciones, pueda llevar a cabo \u201ccirug\u00eda menor ambulatoria\u201d, siendo que muchos Servicios de Salud, entre los que se encuentra Baleares, reconocen a las enfermeras la realizaci\u00f3n de procedimientos quir\u00fargicos y otras intervenciones sencillas y de corta duraci\u00f3n, que se realizan habitualmente en tejidos superficiales o de f\u00e1cil acceso, con o sin anestesia local, y que tienen poco riesgo de complicaciones postquir\u00fargicas.<\/p>\n<p>&nbsp;<\/p>\n<p>III.-CONCLUSI\u00d3N.<br \/>\nAun cuando no existe una regulaci\u00f3n concreta que espec\u00edficamente atribuya a las matronas y enfermeras especialistas en pediatr\u00eda la indicaci\u00f3n y realizaci\u00f3n de la FRENECTOMIA, la realidad actual es que la realizaci\u00f3n de dicha cirug\u00eda actualmente sigue recayendo de forma aut\u00f3noma y regular sobre ellas, principalmente cuando se trata de aplicar el m\u00e9todo Coryllos (que solo precisa de anestesia local y poco equipamiento).<\/p>\n<p>El letrado que suscribe considera que <strong>mientras no exista regulaci\u00f3n espec\u00edfica (gu\u00edas\/protocolos) que expresamente proscriban a las enfermeras la realizaci\u00f3n de dicha pr\u00e1ctica, la interpretaci\u00f3n de la normativa de referencia permite que las matronas y enfermeras especialistas en pediatr\u00eda puedan llevar a cabo frenectom\u00edas simples<\/strong>.<\/p>\n<p>&nbsp;<\/p>\n<blockquote><p>Descarga el informe en formato PDF <a href=\"https:\/\/infermeriabalear.com\/wp-content\/uploads\/2022\/09\/Informe-juridico-frenotomias-cast_ok.pdf\" target=\"_blank\" rel=\"noopener\">clicando aqu\u00ed.<\/a><\/p><\/blockquote>\n","protected":false},"excerpt":{"rendered":"<p>I.-INTRODUCCI\u00d3N. La lengua anclada, frenillo corto, o \u2018lengua atada\u2019 es un trastorno cong\u00e9nito conocido t\u00e9cnicamente como &#8220;anquiloglosia&#8221;, que se presenta&#8230;<\/p>\n","protected":false},"author":15,"featured_media":29977,"comment_status":"open","ping_status":"closed","sticky":false,"template":"","format":"standard","meta":{"footnotes":""},"categories":[434],"tags":[900,707,899,418],"class_list":["post-29974","post","type-post","status-publish","format-standard","has-post-thumbnail","hentry","category-docus-matronas","tag-anquiloglosia","tag-competencias","tag-frenectomia","tag-matronas"],"_links":{"self":[{"href":"https:\/\/infermeriabalear.com\/es\/wp-json\/wp\/v2\/posts\/29974","targetHints":{"allow":["GET"]}}],"collection":[{"href":"https:\/\/infermeriabalear.com\/es\/wp-json\/wp\/v2\/posts"}],"about":[{"href":"https:\/\/infermeriabalear.com\/es\/wp-json\/wp\/v2\/types\/post"}],"author":[{"embeddable":true,"href":"https:\/\/infermeriabalear.com\/es\/wp-json\/wp\/v2\/users\/15"}],"replies":[{"embeddable":true,"href":"https:\/\/infermeriabalear.com\/es\/wp-json\/wp\/v2\/comments?post=29974"}],"version-history":[{"count":5,"href":"https:\/\/infermeriabalear.com\/es\/wp-json\/wp\/v2\/posts\/29974\/revisions"}],"predecessor-version":[{"id":29984,"href":"https:\/\/infermeriabalear.com\/es\/wp-json\/wp\/v2\/posts\/29974\/revisions\/29984"}],"wp:featuredmedia":[{"embeddable":true,"href":"https:\/\/infermeriabalear.com\/es\/wp-json\/wp\/v2\/media\/29977"}],"wp:attachment":[{"href":"https:\/\/infermeriabalear.com\/es\/wp-json\/wp\/v2\/media?parent=29974"}],"wp:term":[{"taxonomy":"category","embeddable":true,"href":"https:\/\/infermeriabalear.com\/es\/wp-json\/wp\/v2\/categories?post=29974"},{"taxonomy":"post_tag","embeddable":true,"href":"https:\/\/infermeriabalear.com\/es\/wp-json\/wp\/v2\/tags?post=29974"}],"curies":[{"name":"wp","href":"https:\/\/api.w.org\/{rel}","templated":true}]}}