{"id":30688,"date":"2022-11-09T10:00:10","date_gmt":"2022-11-09T09:00:10","guid":{"rendered":"https:\/\/infermeriabalear.com\/?p=30688"},"modified":"2022-11-25T16:28:35","modified_gmt":"2022-11-25T15:28:35","slug":"ministerio-de-sanidad-relacion-provisional-de-admitidos-y-excluidos-a-las-pruebas-selectivas-2022-para-el-acceso-a-formacion-sanitaria-especializada-2023-e-i-r","status":"publish","type":"post","link":"https:\/\/infermeriabalear.com\/es\/2022\/11\/09\/ministerio-de-sanidad-relacion-provisional-de-admitidos-y-excluidos-a-las-pruebas-selectivas-2022-para-el-acceso-a-formacion-sanitaria-especializada-2023-e-i-r\/","title":{"rendered":"MINISTERIO DE SANIDAD: Relaci\u00f3n PROVISIONAL de admitidos y excluidos a las pruebas selectivas 2022 para el acceso a Formaci\u00f3n Sanitaria Especializada 2023 (E.I.R.)"},"content":{"rendered":"<p>Resoluci\u00f3n de la Direcci\u00f3 General de Ordenaci\u00f3n Profesional, por la que se aprueban las relaciones <strong>&#8220;provisionales&#8221;<\/strong> de admitidos y no admitidos a las pruebas selectivas convocadas por la Orden SND\/840\/2022, de 26 de agosto (EIR 2023)<\/p>\n<blockquote><p>Consultar <strong><a href=\"https:\/\/infermeriabalear.com\/wp-content\/uploads\/2022\/11\/RESOLUCION-R.P.A-DIRECTORA-GRAL_F.pdf\" target=\"_blank\" rel=\"noopener\">RESOLUCI\u00d3N<\/a><\/strong><\/p><\/blockquote>\n<p>&nbsp;<\/p>\n<p>-Plazo de presentaci\u00f3n de subsanaciones: del <strong>10 de noviembre a las 9:00 horas, hasta el 23 de noviembre de 2022 a las 17:00 horas. <\/strong>Las reclamaciones que se presenten ser\u00e1n resueltas, en el plazo m\u00e1ximo de dos meses, por esta Direcci\u00f3n General, al aprobar las relaciones definitivas de admitidos y no admitidos a las pruebas selectivas, a las que se dar\u00e1 igual publicidad que a las provisionales.<\/p>\n<p>-Para m\u00e1s informaci\u00f3n del proceso y consultar la lista:\u00a0 <strong><a href=\"https:\/\/fse.mscbs.gob.es\/fseweb\/view\/public\/staticpage\/page.xhtml\" target=\"_blank\" rel=\"noopener\">Ministerio de Sanidad-Formaci\u00f3n Sanitaria Especializada<\/a><\/strong><\/p>\n","protected":false},"excerpt":{"rendered":"<p>Resoluci\u00f3n de la Direcci\u00f3 General de Ordenaci\u00f3n Profesional, por la que se aprueban las relaciones &#8220;provisionales&#8221; de admitidos y no&#8230;<\/p>\n","protected":false},"author":14,"featured_media":29713,"comment_status":"open","ping_status":"closed","sticky":false,"template":"","format":"standard","meta":{"footnotes":""},"categories":[315],"tags":[473,649,940],"class_list":["post-30688","post","type-post","status-publish","format-standard","has-post-thumbnail","hentry","category-noticias","tag-eir","tag-examen","tag-listado"],"_links":{"self":[{"href":"https:\/\/infermeriabalear.com\/es\/wp-json\/wp\/v2\/posts\/30688","targetHints":{"allow":["GET"]}}],"collection":[{"href":"https:\/\/infermeriabalear.com\/es\/wp-json\/wp\/v2\/posts"}],"about":[{"href":"https:\/\/infermeriabalear.com\/es\/wp-json\/wp\/v2\/types\/post"}],"author":[{"embeddable":true,"href":"https:\/\/infermeriabalear.com\/es\/wp-json\/wp\/v2\/users\/14"}],"replies":[{"embeddable":true,"href":"https:\/\/infermeriabalear.com\/es\/wp-json\/wp\/v2\/comments?post=30688"}],"version-history":[{"count":5,"href":"https:\/\/infermeriabalear.com\/es\/wp-json\/wp\/v2\/posts\/30688\/revisions"}],"predecessor-version":[{"id":30765,"href":"https:\/\/infermeriabalear.com\/es\/wp-json\/wp\/v2\/posts\/30688\/revisions\/30765"}],"wp:featuredmedia":[{"embeddable":true,"href":"https:\/\/infermeriabalear.com\/es\/wp-json\/wp\/v2\/media\/29713"}],"wp:attachment":[{"href":"https:\/\/infermeriabalear.com\/es\/wp-json\/wp\/v2\/media?parent=30688"}],"wp:term":[{"taxonomy":"category","embeddable":true,"href":"https:\/\/infermeriabalear.com\/es\/wp-json\/wp\/v2\/categories?post=30688"},{"taxonomy":"post_tag","embeddable":true,"href":"https:\/\/infermeriabalear.com\/es\/wp-json\/wp\/v2\/tags?post=30688"}],"curies":[{"name":"wp","href":"https:\/\/api.w.org\/{rel}","templated":true}]}}