{"id":32778,"date":"2023-04-20T12:58:46","date_gmt":"2023-04-20T10:58:46","guid":{"rendered":"https:\/\/infermeriabalear.com\/?p=32778"},"modified":"2023-05-03T17:10:30","modified_gmt":"2023-05-03T15:10:30","slug":"webinar-asma-grave","status":"publish","type":"post","link":"https:\/\/infermeriabalear.com\/es\/2023\/04\/20\/webinar-asma-grave\/","title":{"rendered":"Webinar &#8220;Optimizando el manejo integral del asma grave&#8221;"},"content":{"rendered":"<p>La Comisi\u00f3n de Cuidados Respiratorios del COIBA ha preparado este webinar formativo con el objetivo de que las enfermeras, as\u00ed como los dem\u00e1s profesionales sanitarios interesados, puedan actualizar sus conocimientos sobre el manejo del asma grave. Lo har\u00e1n de la mano de David D\u00edaz P\u00e9rez, enfermero respiratorio del Servicio Canario de la Salud, y el aval de l&#8217;Associaci\u00f3 Illenca de Respiratori (AIRE) Presenta: Jos\u00e9 Luis Valera, enfermero del Laboratorio de funci\u00f3n pulmonar del Hospital Universitario Son Espases.<\/p>\n<p>La sesi\u00f3n se desarrollar\u00e1 de forma online y podr\u00e1 seguirse en directo desde nuestro <a href=\"https:\/\/www.youtube.com\/@InfermeriaBalear1\/streams\" target=\"_blank\" rel=\"noopener\">canal de YouTube (AQU\u00cd)<\/a><\/p>\n<p><strong>\u00bfCu\u00e1ndo? El 2 de mayo a las 17:00 h.<\/strong> No es necesaria inscripci\u00f3n previa.<\/p>\n<p><a href=\"https:\/\/infermeriabalear.com\/wp-content\/uploads\/2023\/04\/1.png\"><img loading=\"lazy\" decoding=\"async\" class=\"alignleft wp-image-32779\" src=\"https:\/\/infermeriabalear.com\/wp-content\/uploads\/2023\/04\/1.png\" alt=\"\" width=\"750\" height=\"422\" srcset=\"https:\/\/infermeriabalear.com\/wp-content\/uploads\/2023\/04\/1.png 1600w, https:\/\/infermeriabalear.com\/wp-content\/uploads\/2023\/04\/1-300x169.png 300w, https:\/\/infermeriabalear.com\/wp-content\/uploads\/2023\/04\/1-400x225.png 400w, https:\/\/infermeriabalear.com\/wp-content\/uploads\/2023\/04\/1-768x432.png 768w, https:\/\/infermeriabalear.com\/wp-content\/uploads\/2023\/04\/1-1536x864.png 1536w, https:\/\/infermeriabalear.com\/wp-content\/uploads\/2023\/04\/1-18x10.png 18w\" sizes=\"auto, (max-width: 750px) 100vw, 750px\" \/><\/a><\/p>\n","protected":false},"excerpt":{"rendered":"<p>La Comisi\u00f3n de Cuidados Respiratorios del COIBA ha preparado este webinar formativo con el objetivo de que las enfermeras, as\u00ed&#8230;<\/p>\n","protected":false},"author":9,"featured_media":32779,"comment_status":"open","ping_status":"closed","sticky":false,"template":"","format":"standard","meta":{"footnotes":""},"categories":[314],"tags":[1023,800,591,715,842,525],"class_list":["post-32778","post","type-post","status-publish","format-standard","has-post-thumbnail","hentry","category-eventos-coiba","tag-asma","tag-charla","tag-comision-cuidados-respiratorios","tag-respiratorio","tag-sesion","tag-webinar"],"_links":{"self":[{"href":"https:\/\/infermeriabalear.com\/es\/wp-json\/wp\/v2\/posts\/32778","targetHints":{"allow":["GET"]}}],"collection":[{"href":"https:\/\/infermeriabalear.com\/es\/wp-json\/wp\/v2\/posts"}],"about":[{"href":"https:\/\/infermeriabalear.com\/es\/wp-json\/wp\/v2\/types\/post"}],"author":[{"embeddable":true,"href":"https:\/\/infermeriabalear.com\/es\/wp-json\/wp\/v2\/users\/9"}],"replies":[{"embeddable":true,"href":"https:\/\/infermeriabalear.com\/es\/wp-json\/wp\/v2\/comments?post=32778"}],"version-history":[{"count":5,"href":"https:\/\/infermeriabalear.com\/es\/wp-json\/wp\/v2\/posts\/32778\/revisions"}],"predecessor-version":[{"id":32794,"href":"https:\/\/infermeriabalear.com\/es\/wp-json\/wp\/v2\/posts\/32778\/revisions\/32794"}],"wp:featuredmedia":[{"embeddable":true,"href":"https:\/\/infermeriabalear.com\/es\/wp-json\/wp\/v2\/media\/32779"}],"wp:attachment":[{"href":"https:\/\/infermeriabalear.com\/es\/wp-json\/wp\/v2\/media?parent=32778"}],"wp:term":[{"taxonomy":"category","embeddable":true,"href":"https:\/\/infermeriabalear.com\/es\/wp-json\/wp\/v2\/categories?post=32778"},{"taxonomy":"post_tag","embeddable":true,"href":"https:\/\/infermeriabalear.com\/es\/wp-json\/wp\/v2\/tags?post=32778"}],"curies":[{"name":"wp","href":"https:\/\/api.w.org\/{rel}","templated":true}]}}