{"id":33364,"date":"2023-06-02T15:32:03","date_gmt":"2023-06-02T13:32:03","guid":{"rendered":"https:\/\/infermeriabalear.com\/?p=33364"},"modified":"2023-06-02T15:41:53","modified_gmt":"2023-06-02T13:41:53","slug":"el-coiba-celebra-el-dia-de-la-enfermera-con-las-colegiadas-y-colegiados-de-menorca","status":"publish","type":"post","link":"https:\/\/infermeriabalear.com\/es\/2023\/06\/02\/el-coiba-celebra-el-dia-de-la-enfermera-con-las-colegiadas-y-colegiados-de-menorca\/","title":{"rendered":"El COIBA celebra el Dia de la Enfermera con las colegiadas y colegiados de Menorca"},"content":{"rendered":"<p>La Junta Insular de Menorca del Col\u00b7legi Oficial d\u2019Infermeres i Infermers de les Illes Balears (COIBA)\u00a0celebr\u00f3 la semana pasada un acto en Ma\u00f3 con motivo del D\u00eda Internacional de la Enfermera, que se conmemora cada a\u00f1o el 12 de mayo. El COIBA ha organizado actos en las diferentes islas para homenajear a las profesionales de Baleares y destacar su implicaci\u00f3n. La semana pasada fue el turno de las enfermeras y enfermero de Menorca.<\/p>\n<p>El acto reuni\u00f3 a enfermeras y enfermeros de la isla para hacer un homenaje a las profesionales que cumplen 25 a\u00f1os de dedicaci\u00f3n y a las que se han jubilado, a quienes se otorgaron insignias de plata y de oro en reconocimiento a su contribuci\u00f3n para hacer posible que la poblaci\u00f3n reciba unos cuidados de calidad, humanizados y basados en la evidencia cient\u00edfica.<\/p>\n<p>-Las compa\u00f1eras que recibieron insignia de plata fueron: Katia Borr\u00e1s, Regina Muntaner, Jaume Pons y Ana Saiz<\/p>\n<p>-Las enfermeras que se han jubilado recientemente y recibieron insignias de oro fueron: Concepci\u00f3n Arteta, Ana Camps y Antonia Villalonga<\/p>\n<p>El acto tambi\u00e9n cont\u00f3 con una mesa redonda titulada \u201cNuestras enfermeras. Nuestro futuro\u201d en la que se desengran\u00f3 el rol de las enfermeras para construir comunidades sanas y afrontar los retos de salud globales actuales y futuros desde diferentes \u00e1mbitos de la mano de: Maria Lluc Bauz\u00e0 (professora Facultat Infermeria i Fisioter\u00e0pia UIB), Regina Muntaner (coordinadora auton\u00f2mica de Salut, G\u00e8nere i Sexualitat CAIB), Alba Jim\u00e9nez (Enfermera Unitat de Qualitat i Seguretat del Pacient ASME), Aurora Al\u00e9s (Enfermera especialista en Salud Mental de la Unidad de SM Infanto-juvenil Hospital Virgen Macarena, Sevilla), junto a Purificaci\u00f3n Luna, secretaria de la Junta Insular del COIBA a Menorca, como moderadora.<\/p>\n<p>En el transcurso de la celebraci\u00f3n el presidente de la Junta Insular de Menorca del COIBA, Senda Ram\u00edrez, destac\u00f3 la importancia de invertir en enfermeras, ya que son un elemento esencial para fortalecer los sistemas de salud: \u201cEs el momento de que las enfermeras lideremos el proceso de cambio que la sociedad nos pide para mantener el sistema de salud que deseemos\u201d. Adem\u00e1s, destac\u00f3 que el abordaje bio-psicosocial de la salud que caracteriza la pr\u00e1ctica enfermera, ser\u00e1 una parte fundamental para atender los retos globales sanitarios: \u201cCuestiones como el cambio clim\u00e1tico y el envejecimiento de la poblaci\u00f3n tienen impacto en la salud de la ciudadan\u00eda, y las enfermeras tienen que ser parte de la respuesta desde la formaci\u00f3n, la pr\u00e1ctica enfermera, la pol\u00edtica, la gesti\u00f3n y la investigaci\u00f3n\u201d.<\/p>\n\n\t\t<style type=\"text\/css\">\n\t\t\t#gallery-1 {\n\t\t\t\tmargin: auto;\n\t\t\t}\n\t\t\t#gallery-1 .gallery-item {\n\t\t\t\tfloat: left;\n\t\t\t\tmargin-top: 10px;\n\t\t\t\ttext-align: center;\n\t\t\t\twidth: 33%;\n\t\t\t}\n\t\t\t#gallery-1 img {\n\t\t\t\tborder: 2px solid #cfcfcf;\n\t\t\t}\n\t\t\t#gallery-1 .gallery-caption {\n\t\t\t\tmargin-left: 0;\n\t\t\t}\n\t\t\t\/* see gallery_shortcode() in wp-includes\/media.php *\/\n\t\t<\/style>\n\t\t<div id='gallery-1' class='gallery galleryid-33364 gallery-columns-3 gallery-size-medium'><dl class='gallery-item'>\n\t\t\t<dt class='gallery-icon landscape'>\n\t\t\t\t<a href='https:\/\/infermeriabalear.com\/wp-content\/uploads\/2023\/06\/Foto-1_Dia-de-la-Infermera-COIBA-Menorca-3.jpeg'><img loading=\"lazy\" decoding=\"async\" width=\"300\" height=\"225\" src=\"https:\/\/infermeriabalear.com\/wp-content\/uploads\/2023\/06\/Foto-1_Dia-de-la-Infermera-COIBA-Menorca-3-300x225.jpeg\" class=\"attachment-medium size-medium\" alt=\"\" srcset=\"https:\/\/infermeriabalear.com\/wp-content\/uploads\/2023\/06\/Foto-1_Dia-de-la-Infermera-COIBA-Menorca-3-300x225.jpeg 300w, https:\/\/infermeriabalear.com\/wp-content\/uploads\/2023\/06\/Foto-1_Dia-de-la-Infermera-COIBA-Menorca-3-400x300.jpeg 400w, https:\/\/infermeriabalear.com\/wp-content\/uploads\/2023\/06\/Foto-1_Dia-de-la-Infermera-COIBA-Menorca-3-768x576.jpeg 768w, https:\/\/infermeriabalear.com\/wp-content\/uploads\/2023\/06\/Foto-1_Dia-de-la-Infermera-COIBA-Menorca-3-1536x1152.jpeg 1536w, https:\/\/infermeriabalear.com\/wp-content\/uploads\/2023\/06\/Foto-1_Dia-de-la-Infermera-COIBA-Menorca-3-16x12.jpeg 16w, https:\/\/infermeriabalear.com\/wp-content\/uploads\/2023\/06\/Foto-1_Dia-de-la-Infermera-COIBA-Menorca-3.jpeg 1654w\" sizes=\"auto, (max-width: 300px) 100vw, 300px\" \/><\/a>\n\t\t\t<\/dt><\/dl><dl class='gallery-item'>\n\t\t\t<dt class='gallery-icon landscape'>\n\t\t\t\t<a href='https:\/\/infermeriabalear.com\/wp-content\/uploads\/2023\/06\/Foto-2_Dia-de-la-Infermera-COIBA-Menorca-2.jpeg'><img loading=\"lazy\" decoding=\"async\" width=\"300\" height=\"225\" src=\"https:\/\/infermeriabalear.com\/wp-content\/uploads\/2023\/06\/Foto-2_Dia-de-la-Infermera-COIBA-Menorca-2-300x225.jpeg\" class=\"attachment-medium size-medium\" alt=\"\" srcset=\"https:\/\/infermeriabalear.com\/wp-content\/uploads\/2023\/06\/Foto-2_Dia-de-la-Infermera-COIBA-Menorca-2-300x225.jpeg 300w, https:\/\/infermeriabalear.com\/wp-content\/uploads\/2023\/06\/Foto-2_Dia-de-la-Infermera-COIBA-Menorca-2-400x300.jpeg 400w, https:\/\/infermeriabalear.com\/wp-content\/uploads\/2023\/06\/Foto-2_Dia-de-la-Infermera-COIBA-Menorca-2-768x576.jpeg 768w, https:\/\/infermeriabalear.com\/wp-content\/uploads\/2023\/06\/Foto-2_Dia-de-la-Infermera-COIBA-Menorca-2-1536x1152.jpeg 1536w, https:\/\/infermeriabalear.com\/wp-content\/uploads\/2023\/06\/Foto-2_Dia-de-la-Infermera-COIBA-Menorca-2-16x12.jpeg 16w, https:\/\/infermeriabalear.com\/wp-content\/uploads\/2023\/06\/Foto-2_Dia-de-la-Infermera-COIBA-Menorca-2.jpeg 1646w\" sizes=\"auto, (max-width: 300px) 100vw, 300px\" \/><\/a>\n\t\t\t<\/dt><\/dl><dl class='gallery-item'>\n\t\t\t<dt class='gallery-icon landscape'>\n\t\t\t\t<a href='https:\/\/infermeriabalear.com\/wp-content\/uploads\/2023\/06\/Foto-3_Dia-de-la-Infermera-COIBA-Menorca-2.jpeg'><img loading=\"lazy\" decoding=\"async\" width=\"300\" height=\"225\" src=\"https:\/\/infermeriabalear.com\/wp-content\/uploads\/2023\/06\/Foto-3_Dia-de-la-Infermera-COIBA-Menorca-2-300x225.jpeg\" class=\"attachment-medium size-medium\" alt=\"\" srcset=\"https:\/\/infermeriabalear.com\/wp-content\/uploads\/2023\/06\/Foto-3_Dia-de-la-Infermera-COIBA-Menorca-2-300x225.jpeg 300w, https:\/\/infermeriabalear.com\/wp-content\/uploads\/2023\/06\/Foto-3_Dia-de-la-Infermera-COIBA-Menorca-2-400x300.jpeg 400w, https:\/\/infermeriabalear.com\/wp-content\/uploads\/2023\/06\/Foto-3_Dia-de-la-Infermera-COIBA-Menorca-2-768x576.jpeg 768w, https:\/\/infermeriabalear.com\/wp-content\/uploads\/2023\/06\/Foto-3_Dia-de-la-Infermera-COIBA-Menorca-2-1536x1152.jpeg 1536w, https:\/\/infermeriabalear.com\/wp-content\/uploads\/2023\/06\/Foto-3_Dia-de-la-Infermera-COIBA-Menorca-2-16x12.jpeg 16w, https:\/\/infermeriabalear.com\/wp-content\/uploads\/2023\/06\/Foto-3_Dia-de-la-Infermera-COIBA-Menorca-2.jpeg 1542w\" sizes=\"auto, (max-width: 300px) 100vw, 300px\" \/><\/a>\n\t\t\t<\/dt><\/dl><br style=\"clear: both\" \/>\n\t\t<\/div>\n\n","protected":false},"excerpt":{"rendered":"<p>La Junta Insular de Menorca del Col\u00b7legi Oficial d\u2019Infermeres i Infermers de les Illes Balears (COIBA)\u00a0celebr\u00f3 la semana pasada un&#8230;<\/p>\n","protected":false},"author":19,"featured_media":33365,"comment_status":"open","ping_status":"closed","sticky":false,"template":"","format":"standard","meta":{"footnotes":""},"categories":[376,315],"tags":[],"class_list":["post-33364","post","type-post","status-publish","format-standard","has-post-thumbnail","hentry","category-noticias-destacadas-2columna","category-noticias"],"_links":{"self":[{"href":"https:\/\/infermeriabalear.com\/es\/wp-json\/wp\/v2\/posts\/33364","targetHints":{"allow":["GET"]}}],"collection":[{"href":"https:\/\/infermeriabalear.com\/es\/wp-json\/wp\/v2\/posts"}],"about":[{"href":"https:\/\/infermeriabalear.com\/es\/wp-json\/wp\/v2\/types\/post"}],"author":[{"embeddable":true,"href":"https:\/\/infermeriabalear.com\/es\/wp-json\/wp\/v2\/users\/19"}],"replies":[{"embeddable":true,"href":"https:\/\/infermeriabalear.com\/es\/wp-json\/wp\/v2\/comments?post=33364"}],"version-history":[{"count":5,"href":"https:\/\/infermeriabalear.com\/es\/wp-json\/wp\/v2\/posts\/33364\/revisions"}],"predecessor-version":[{"id":33400,"href":"https:\/\/infermeriabalear.com\/es\/wp-json\/wp\/v2\/posts\/33364\/revisions\/33400"}],"wp:featuredmedia":[{"embeddable":true,"href":"https:\/\/infermeriabalear.com\/es\/wp-json\/wp\/v2\/media\/33365"}],"wp:attachment":[{"href":"https:\/\/infermeriabalear.com\/es\/wp-json\/wp\/v2\/media?parent=33364"}],"wp:term":[{"taxonomy":"category","embeddable":true,"href":"https:\/\/infermeriabalear.com\/es\/wp-json\/wp\/v2\/categories?post=33364"},{"taxonomy":"post_tag","embeddable":true,"href":"https:\/\/infermeriabalear.com\/es\/wp-json\/wp\/v2\/tags?post=33364"}],"curies":[{"name":"wp","href":"https:\/\/api.w.org\/{rel}","templated":true}]}}