{"id":33715,"date":"2023-06-21T11:35:56","date_gmt":"2023-06-21T09:35:56","guid":{"rendered":"https:\/\/infermeriabalear.com\/?p=33715"},"modified":"2023-06-21T11:58:02","modified_gmt":"2023-06-21T09:58:02","slug":"bolsa-unica-ibsalut-publicada-lista-provisional-de-puntuacion-de-meritos-de-la-categoria-de-enfermeria-geriatrica","status":"publish","type":"post","link":"https:\/\/infermeriabalear.com\/es\/2023\/06\/21\/bolsa-unica-ibsalut-publicada-lista-provisional-de-puntuacion-de-meritos-de-la-categoria-de-enfermeria-geriatrica\/","title":{"rendered":"Bolsa \u00danica IBSALUT: Publicada lista PROVISIONAL de puntuaci\u00f3n de m\u00e9ritos de la categor\u00eda de Enfermera Especialista en Enfermer\u00eda Geri\u00e1trica"},"content":{"rendered":"<p>20\/06\/2023: Resoluci\u00f3n del director general del Servicio de Salud de las Islas Baleares por la que se publican la lista provisional de puntuaciones de la actualizaci\u00f3n de la bolsa \u00fanica para seleccionar personal estatutario temporal del Servicio de Salud de la categor\u00eda <strong>enfermero especialista en enfermer\u00eda geri\u00e1trica\/enfermera especialista en enfermer\u00eda geri\u00e1trica<\/strong> y la lista provisional de personas <strong>excluidas<\/strong> del concurso de m\u00e9ritos para constituir la bolsa \u00fanica de dicha categor\u00eda\u00a0(fecha \u00faltimo corte: 5 de diciembre de 2022)<\/p>\n<blockquote><p>-Consultar <strong><a href=\"https:\/\/infermeriabalear.com\/wp-content\/uploads\/2023\/06\/Resol.enf-geriatrica.pdf\" target=\"_blank\" rel=\"noopener\">Resoluci\u00f3n<\/a><\/strong><\/p><\/blockquote>\n<p>&nbsp;<\/p>\n<p>Plazo de presentaci\u00f3n de alegaciones: <strong>del 21 de junio al 4 de julio de 2023<\/strong> (10 d\u00edas h\u00e1biles, a contar a partir del d\u00eda siguiente a la publicaci\u00f3n de esta resoluci\u00f3n)<\/p>\n<blockquote><p>-Modelo presentaci\u00f3n de alegaciones: <strong><a href=\"https:\/\/infermeriabalear.com\/wp-content\/uploads\/2023\/06\/3-FORMULARIO-alegaciones.docx\" target=\"_blank\" rel=\"noopener\">Descargar<\/a><\/strong><\/p><\/blockquote>\n<p>&nbsp;<\/p>\n<p>-M\u00e1s informaci\u00f3n en: <a href=\"https:\/\/www.ibsalut.es\/es\/profesionales\/recursos-humanos\/trabaja-con-nosotros\/bolsa-unica\/bolsa?conv_id=655\" target=\"_blank\" rel=\"noopener\"><em>IBSALUT-B.\u00daNICA ENF. GERI\u00c1TRICA<\/em><\/a><\/p>\n<p>&nbsp;<\/p>\n","protected":false},"excerpt":{"rendered":"<p>20\/06\/2023: Resoluci\u00f3n del director general del Servicio de Salud de las Islas Baleares por la que se publican la lista&#8230;<\/p>\n","protected":false},"author":14,"featured_media":23680,"comment_status":"open","ping_status":"closed","sticky":false,"template":"","format":"standard","meta":{"footnotes":""},"categories":[313],"tags":[623,1045,526,830,1044],"class_list":["post-33715","post","type-post","status-publish","format-standard","has-post-thumbnail","hentry","category-concurso_opos","tag-bolsa-unica","tag-enfermeria-geriatrica","tag-meritos","tag-puntuacion","tag-resolucion"],"_links":{"self":[{"href":"https:\/\/infermeriabalear.com\/es\/wp-json\/wp\/v2\/posts\/33715","targetHints":{"allow":["GET"]}}],"collection":[{"href":"https:\/\/infermeriabalear.com\/es\/wp-json\/wp\/v2\/posts"}],"about":[{"href":"https:\/\/infermeriabalear.com\/es\/wp-json\/wp\/v2\/types\/post"}],"author":[{"embeddable":true,"href":"https:\/\/infermeriabalear.com\/es\/wp-json\/wp\/v2\/users\/14"}],"replies":[{"embeddable":true,"href":"https:\/\/infermeriabalear.com\/es\/wp-json\/wp\/v2\/comments?post=33715"}],"version-history":[{"count":5,"href":"https:\/\/infermeriabalear.com\/es\/wp-json\/wp\/v2\/posts\/33715\/revisions"}],"predecessor-version":[{"id":33722,"href":"https:\/\/infermeriabalear.com\/es\/wp-json\/wp\/v2\/posts\/33715\/revisions\/33722"}],"wp:featuredmedia":[{"embeddable":true,"href":"https:\/\/infermeriabalear.com\/es\/wp-json\/wp\/v2\/media\/23680"}],"wp:attachment":[{"href":"https:\/\/infermeriabalear.com\/es\/wp-json\/wp\/v2\/media?parent=33715"}],"wp:term":[{"taxonomy":"category","embeddable":true,"href":"https:\/\/infermeriabalear.com\/es\/wp-json\/wp\/v2\/categories?post=33715"},{"taxonomy":"post_tag","embeddable":true,"href":"https:\/\/infermeriabalear.com\/es\/wp-json\/wp\/v2\/tags?post=33715"}],"curies":[{"name":"wp","href":"https:\/\/api.w.org\/{rel}","templated":true}]}}