{"id":34391,"date":"2023-08-02T16:28:20","date_gmt":"2023-08-02T14:28:20","guid":{"rendered":"https:\/\/infermeriabalear.com\/?p=34391"},"modified":"2023-08-22T13:26:47","modified_gmt":"2023-08-22T11:26:47","slug":"coiba-se-reune-nueva-consellera-salut","status":"publish","type":"post","link":"https:\/\/infermeriabalear.com\/es\/2023\/08\/02\/coiba-se-reune-nueva-consellera-salut\/","title":{"rendered":"El COIBA se re\u00fane con la nueva consellera de Salut y el nuevo director general del Servei de Salut"},"content":{"rendered":"<p><img loading=\"lazy\" decoding=\"async\" class=\"wp-image-34393 aligncenter\" src=\"https:\/\/infermeriabalear.com\/wp-content\/uploads\/2023\/08\/Foto-OKOK_editada-scaled-e1690986135520.jpg\" alt=\"\" width=\"606\" height=\"342\" srcset=\"https:\/\/infermeriabalear.com\/wp-content\/uploads\/2023\/08\/Foto-OKOK_editada-scaled-e1690986135520.jpg 1100w, https:\/\/infermeriabalear.com\/wp-content\/uploads\/2023\/08\/Foto-OKOK_editada-scaled-e1690986135520-300x169.jpg 300w, https:\/\/infermeriabalear.com\/wp-content\/uploads\/2023\/08\/Foto-OKOK_editada-scaled-e1690986135520-400x226.jpg 400w, https:\/\/infermeriabalear.com\/wp-content\/uploads\/2023\/08\/Foto-OKOK_editada-scaled-e1690986135520-768x434.jpg 768w, https:\/\/infermeriabalear.com\/wp-content\/uploads\/2023\/08\/Foto-OKOK_editada-scaled-e1690986135520-18x10.jpg 18w\" sizes=\"auto, (max-width: 606px) 100vw, 606px\" \/><\/p>\n<p>&nbsp;<\/p>\n<p>La presidenta y la vicepresidenta en funciones del Col\u00b7legi Oficial d\u2019Infermeres i Infermers de les Illes Balears (COIBA), Maria Jos\u00e9 Sastre y Raquel Mu\u00f1oz, han mantenido la primera reuni\u00f3n con la consellera de Salut de las Islas Baleares, Manuela Garc\u00eda, y el director general del Servei de Salut, Javier Ure\u00f1a.<\/p>\n<p>Desde el COIBA se valora positivamente esta primera toma de contacto organizada por la Conselleria de Salut, en la cual el Colegio ha trasladado su disposici\u00f3n de colaboraci\u00f3n y participaci\u00f3n. En este encuentro, el COIBA tambi\u00e9n ha compartido las principales reivindicaciones enfermeras para la mejora de la profesi\u00f3n y de la salud de la poblaci\u00f3n: el problema cr\u00f3nico de las ratios por debajo de las recomendaciones, la falta de enfermeras y de mejores condiciones laborales, el desarrollo del decreto de especialidades, las mejoras necesarias de la bolsa \u00fanica, la necesidad de m\u00e1s enfermeras especialistas para la atenci\u00f3n a la conducta suicida (APS), las crecientes agresiones a profesionales sanitarios y trabajar en la prescripci\u00f3n enfermera. As\u00ed mismo, es necesario un mayor reconocimiento y oportunidades de liderazgo enfermero en el \u00e1mbito institucional, y un mayor desarrollo competencial y profesional de las enfermeras. Todas medidas con impacto directo en la mejora de la salud de la poblaci\u00f3n. Tambi\u00e9n se ha insistido en la importancia de fortalecer e invertir en Atenci\u00f3n Primaria como pilar fundamental de la asistencia sanitaria.<\/p>\n<p><strong>Ratios enfermeras, desarrollo competencial y plazas para las especialistas<\/strong><\/p>\n<p>\u201cEl n\u00famero de enfermeras se tiene que establecer teniendo en cuenta determinantes sociales de la salud, la estratificaci\u00f3n y las necesidades en salud de la poblaci\u00f3n, as\u00ed como el bienestar de los propios profesionales\u201d, explica Maria Jos\u00e9 Sastre, presidenta en funciones del\u00a0COIBA, quien tambi\u00e9n recalca que hay que incrementar la inversi\u00f3n en la mejora de las condiciones laborales y la estabilidad, garantizar un periodo de adaptaci\u00f3n a los puestos de trabajo y reducir rotaciones y temporalidad. Adem\u00e1s, trabajar conjuntamente con otras consellerias para mejorar los problemas de vivienda que tienen los profesionales sanitarios.<\/p>\n<p>\u201cTambi\u00e9n es importante para las enfermeras poder desarrollarse profesionalmente y tener igualdad en el acceso a cargos de gesti\u00f3n, direcciones de zona y en la representaci\u00f3n org\u00e1nica\u201d, expone. Y se ha puesto en conocimiento de la consellera la reivindicaci\u00f3n hist\u00f3rica de crear una Direcci\u00f3n Enfermera en Atenci\u00f3n Primaria de Ibiza y Formentera, y de Menorca.<\/p>\n<p>As\u00ed mismo, se han traslado propuestas concretas en el caso de las especialidades enfermeras: la reconversi\u00f3n de las plazas generalistas en especialistas y la creaci\u00f3n de nuevas plazas para especialistas. \u201cFaltan plazas espec\u00edficas incluso en las dos especialidades m\u00e1s desarrolladas en las Baleares, la de matrona y la de Enfermera de Salud Mental\u201d, explica. En el caso concreto de salud mental, se ha solicitado la aplicaci\u00f3n de medidas extraordinarias y acciones correctoras para poder dar cobertura a todos los recursos.<\/p>\n","protected":false},"excerpt":{"rendered":"<p>&nbsp; La presidenta y la vicepresidenta en funciones del Col\u00b7legi Oficial d\u2019Infermeres i Infermers de les Illes Balears (COIBA), Maria&#8230;<\/p>\n","protected":false},"author":19,"featured_media":34393,"comment_status":"open","ping_status":"closed","sticky":false,"template":"","format":"standard","meta":{"footnotes":""},"categories":[315],"tags":[],"class_list":["post-34391","post","type-post","status-publish","format-standard","has-post-thumbnail","hentry","category-noticias"],"_links":{"self":[{"href":"https:\/\/infermeriabalear.com\/es\/wp-json\/wp\/v2\/posts\/34391","targetHints":{"allow":["GET"]}}],"collection":[{"href":"https:\/\/infermeriabalear.com\/es\/wp-json\/wp\/v2\/posts"}],"about":[{"href":"https:\/\/infermeriabalear.com\/es\/wp-json\/wp\/v2\/types\/post"}],"author":[{"embeddable":true,"href":"https:\/\/infermeriabalear.com\/es\/wp-json\/wp\/v2\/users\/19"}],"replies":[{"embeddable":true,"href":"https:\/\/infermeriabalear.com\/es\/wp-json\/wp\/v2\/comments?post=34391"}],"version-history":[{"count":5,"href":"https:\/\/infermeriabalear.com\/es\/wp-json\/wp\/v2\/posts\/34391\/revisions"}],"predecessor-version":[{"id":34400,"href":"https:\/\/infermeriabalear.com\/es\/wp-json\/wp\/v2\/posts\/34391\/revisions\/34400"}],"wp:featuredmedia":[{"embeddable":true,"href":"https:\/\/infermeriabalear.com\/es\/wp-json\/wp\/v2\/media\/34393"}],"wp:attachment":[{"href":"https:\/\/infermeriabalear.com\/es\/wp-json\/wp\/v2\/media?parent=34391"}],"wp:term":[{"taxonomy":"category","embeddable":true,"href":"https:\/\/infermeriabalear.com\/es\/wp-json\/wp\/v2\/categories?post=34391"},{"taxonomy":"post_tag","embeddable":true,"href":"https:\/\/infermeriabalear.com\/es\/wp-json\/wp\/v2\/tags?post=34391"}],"curies":[{"name":"wp","href":"https:\/\/api.w.org\/{rel}","templated":true}]}}