{"id":34407,"date":"2023-08-03T12:02:36","date_gmt":"2023-08-03T10:02:36","guid":{"rendered":"https:\/\/infermeriabalear.com\/?p=34407"},"modified":"2023-08-22T13:38:26","modified_gmt":"2023-08-22T11:38:26","slug":"la-mesa-electoral-acuerda-la-proclamacion-directa-de-las-candidatures-encabezadas-por-maria-jose-sastre-junta-de-gobierno-monica-yern-pitiusas-y-purificacion-luna-menorca","status":"publish","type":"post","link":"https:\/\/infermeriabalear.com\/es\/2023\/08\/03\/la-mesa-electoral-acuerda-la-proclamacion-directa-de-las-candidatures-encabezadas-por-maria-jose-sastre-junta-de-gobierno-monica-yern-pitiusas-y-purificacion-luna-menorca\/","title":{"rendered":"La Mesa Electoral acuerda la proclamaci\u00f3n directa de las candidaturas encabezadas por Mar\u00eda Jos\u00e9 Sastre (Junta de Gobierno), M\u00f2nica Yern (Pitiusas); y Purificaci\u00f3n Luna (Menorca)"},"content":{"rendered":"<p><em>En los tres casos, al ser presentada \u00fanicamente una candidatura, se proclaman sin necesidad de tener que acudir a votaci\u00f3n<\/em><\/p>\n<p>El pasado 27 de julio finaliz\u00f3 el plazo de presentaci\u00f3n de candidaturas al Pleno de la Junta de Gobierno del Col\u00b7legi d&#8217;Infermeres i Infermers de les Illes Balears y a las juntas insulares de las delegaciones de Ibiza y Formentera, y de Menorca.<\/p>\n<p>En el caso del Pleno de la Junta de Gobierno, la \u00fanica candidatura presentada est\u00e1 encabezada por Mar\u00eda Jos\u00e9 Sastre Perea. A las juntas insulares se dio la misma situaci\u00f3n y solo fue presentada una candidatura a cada una de ellas: a la Junta Insular de Ibiza y Formentera, encabezada por M\u00f3nica\u00a0Yern\u00a0Moreno, y a la Junta Insular de Menorca por\u00a0Purificaci\u00f3n\u00a0Luna\u00a0Gallardo.<\/p>\n<p>Por lo tanto, sin necesidad de tener que acudir a votaci\u00f3n, y despu\u00e9s de que la Mesa Electoral revisara y certificara que las tres candidaturas se han presentado en tiempos y forma correctas y cumplen los requisitos estatutarios exigidos, hoy, 3 de agosto, resultan todas ellas proclamadas de forma directa para proveer los cargos a los cuales se presentaban.<\/p>\n<blockquote><p>Documentos adjuntos:<\/p>\n<p>&#8211;<a href=\"https:\/\/infermeriabalear.com\/wp-content\/uploads\/2023\/08\/Acta-Proclamacion-directa-candidaturas.pdf\" target=\"_blank\" rel=\"noopener\">Acta de proclamaci\u00f3n de las candidaturas electas<\/a><\/p>\n<p>&#8211;<a href=\"https:\/\/infermeriabalear.com\/wp-content\/uploads\/2023\/08\/Candidatura-elecciones-2023-Mallorca-1_Censurado.pdf\" target=\"_blank\" rel=\"noopener\">Documento de presentaci\u00f3n de la candidatura de Mar\u00eda Jos\u00e9 Sastre (Junta de Gobierno)<\/a><\/p>\n<p>&#8211;<a href=\"https:\/\/infermeriabalear.com\/wp-content\/uploads\/2023\/08\/1-Registro-Candidatura-elecciones-2023-Ibiza-y-Formentera_Censurado.pdf\" target=\"_blank\" rel=\"noopener\">Documento de presentaci\u00f3n de la candidatura de M\u00f2nica Yern (Ibiza y Formentera)<\/a><\/p>\n<p>&#8211;<a href=\"https:\/\/infermeriabalear.com\/wp-content\/uploads\/2023\/08\/Candidatura-Menorca_Censurado.pdf\" target=\"_blank\" rel=\"noopener\">Documento de presentaci\u00f3n de la candidatura de Purificaci\u00f3n Luna (Menorca)<\/a><\/p><\/blockquote>\n","protected":false},"excerpt":{"rendered":"<p>En los tres casos, al ser presentada \u00fanicamente una candidatura, se proclaman sin necesidad de tener que acudir a votaci\u00f3n&#8230;<\/p>\n","protected":false},"author":19,"featured_media":34414,"comment_status":"closed","ping_status":"closed","sticky":false,"template":"","format":"standard","meta":{"footnotes":""},"categories":[1040],"tags":[326,193],"class_list":["post-34407","post","type-post","status-publish","format-standard","has-post-thumbnail","hentry","category-elecciones-coiba-2023","tag-coiba","tag-elecciones"],"_links":{"self":[{"href":"https:\/\/infermeriabalear.com\/es\/wp-json\/wp\/v2\/posts\/34407","targetHints":{"allow":["GET"]}}],"collection":[{"href":"https:\/\/infermeriabalear.com\/es\/wp-json\/wp\/v2\/posts"}],"about":[{"href":"https:\/\/infermeriabalear.com\/es\/wp-json\/wp\/v2\/types\/post"}],"author":[{"embeddable":true,"href":"https:\/\/infermeriabalear.com\/es\/wp-json\/wp\/v2\/users\/19"}],"replies":[{"embeddable":true,"href":"https:\/\/infermeriabalear.com\/es\/wp-json\/wp\/v2\/comments?post=34407"}],"version-history":[{"count":5,"href":"https:\/\/infermeriabalear.com\/es\/wp-json\/wp\/v2\/posts\/34407\/revisions"}],"predecessor-version":[{"id":34424,"href":"https:\/\/infermeriabalear.com\/es\/wp-json\/wp\/v2\/posts\/34407\/revisions\/34424"}],"wp:featuredmedia":[{"embeddable":true,"href":"https:\/\/infermeriabalear.com\/es\/wp-json\/wp\/v2\/media\/34414"}],"wp:attachment":[{"href":"https:\/\/infermeriabalear.com\/es\/wp-json\/wp\/v2\/media?parent=34407"}],"wp:term":[{"taxonomy":"category","embeddable":true,"href":"https:\/\/infermeriabalear.com\/es\/wp-json\/wp\/v2\/categories?post=34407"},{"taxonomy":"post_tag","embeddable":true,"href":"https:\/\/infermeriabalear.com\/es\/wp-json\/wp\/v2\/tags?post=34407"}],"curies":[{"name":"wp","href":"https:\/\/api.w.org\/{rel}","templated":true}]}}