{"id":34466,"date":"2023-08-09T18:41:15","date_gmt":"2023-08-09T16:41:15","guid":{"rendered":"https:\/\/infermeriabalear.com\/?p=34466"},"modified":"2023-08-30T13:04:23","modified_gmt":"2023-08-30T11:04:23","slug":"toma-posesion-nueva-junta-gobierno-del-coiba-y-juntas-insulares","status":"publish","type":"post","link":"https:\/\/infermeriabalear.com\/es\/2023\/08\/09\/toma-posesion-nueva-junta-gobierno-del-coiba-y-juntas-insulares\/","title":{"rendered":"Los miembros de la nueva Junta de Gobierno del COIBA y de las nuevas juntas insulares toman posesi\u00f3n de sus cargos"},"content":{"rendered":"<p><em>Maria Jos\u00e9 Sastre Perea repite en el cargo de presidenta del del Col\u00b7legi Oficial d\u2019Infermeres i Infermers de les Illes Balears (COIBA). En la Junta Insular de Ibiza y Formentera, M\u00f2nicaYern\u00a0Moreno volver\u00e1 a ocupar la presidencia, y en Menorca lo har\u00e1 por primera vez\u00a0Purificaci\u00f3n\u00a0Luna\u00a0Gallardo<\/em><\/p>\n<p><img loading=\"lazy\" decoding=\"async\" class=\"wp-image-34477 aligncenter\" src=\"https:\/\/infermeriabalear.com\/wp-content\/uploads\/2023\/08\/IMG_6680-scaled-e1691599151665.jpg\" alt=\"\" width=\"807\" height=\"466\" srcset=\"https:\/\/infermeriabalear.com\/wp-content\/uploads\/2023\/08\/IMG_6680-scaled-e1691599151665.jpg 2406w, https:\/\/infermeriabalear.com\/wp-content\/uploads\/2023\/08\/IMG_6680-scaled-e1691599151665-300x173.jpg 300w, https:\/\/infermeriabalear.com\/wp-content\/uploads\/2023\/08\/IMG_6680-scaled-e1691599151665-400x231.jpg 400w, https:\/\/infermeriabalear.com\/wp-content\/uploads\/2023\/08\/IMG_6680-scaled-e1691599151665-768x444.jpg 768w, https:\/\/infermeriabalear.com\/wp-content\/uploads\/2023\/08\/IMG_6680-scaled-e1691599151665-1536x887.jpg 1536w, https:\/\/infermeriabalear.com\/wp-content\/uploads\/2023\/08\/IMG_6680-scaled-e1691599151665-2048x1183.jpg 2048w, https:\/\/infermeriabalear.com\/wp-content\/uploads\/2023\/08\/IMG_6680-scaled-e1691599151665-18x10.jpg 18w, https:\/\/infermeriabalear.com\/wp-content\/uploads\/2023\/08\/IMG_6680-scaled-e1691599151665-345x198.jpg 345w\" sizes=\"auto, (max-width: 807px) 100vw, 807px\" \/><\/p>\n<p>Los miembros de la nueva Junta del Gobierno del Col\u00b7legi Oficial d\u2019Infermeres i Infermers de les Illes Balears (COIBA) han tomado posesi\u00f3n de sus cargos hoy, despu\u00e9s de que la Mesa Electoral proclamara directamente la candidatura encabezada por Maria Jos\u00e9 Sastre Perea, la \u00fanica presentada en el proceso electoral que se convoc\u00f3 el pasado mes de junio, seg\u00fan marcan los estatutos colegiales.<\/p>\n<p>Del mismo modo, han tomado posesi\u00f3n los miembros de las nueva Junta Insular de Ibiza y Formentera, donde la enfermera M\u00f2nica\u00a0Yern\u00a0Moreno se mantiene como presidenta, y de la Junta Insular de Menorca, con\u00a0Purificaci\u00f3n\u00a0Luna\u00a0como presidenta. Tambi\u00e9n lo han hecho despu\u00e9s de la proclamaci\u00f3n directa por no haberse presentado m\u00e1s candidaturas a las juntas insulares.<\/p>\n<p><strong>Junta de Gobierno del COIBA<\/strong><\/p>\n<p>La enfermera Maria Jos\u00e9 Sastre, quien en los \u00faltimos 4 a\u00f1os ya ocupaba este cargo, se mantiene como presidenta de la <strong>Junta de Gobierno del\u00a0COIBA<\/strong>. Sastre es diplomada en Enfermer\u00eda y M\u00e1ster en Investigaci\u00f3n en Salud y Calidad de Vida (UIB). Enfermera asistencial, ha dedicado 23 a\u00f1os a trabajar en centros de salud de Mallorca, donde ha ejercido como Coordinadora Enfermera y tutora de residentes de Enfermer\u00eda Familiar y Comunitaria. Adem\u00e1s de esta experiencia en Atenci\u00f3n Primaria, tambi\u00e9n tiene en las \u00e1reas de investigaci\u00f3n y docencia. La nueva Junta de Gobierno est\u00e1 formada por representantes de los diferentes \u00e1mbitos asistenciales, atenci\u00f3n primaria, hospitalaria e intermedia; de la gesti\u00f3n, la investigaci\u00f3n y la docencia; y de todas las especialidades enfermeras (matrona, Salud Mental, Salud Laboral, Familiar y Comunitaria, Pediatr\u00eda y Geriatr\u00eda). Estos son los integrantes:<\/p>\n<p>&#8211; Presidenta: Mar\u00eda Jos\u00e9 Sastre Perea<br \/>\n&#8211; Vicepresidenta: Concepci\u00f3nZaforteza Lallemand<br \/>\n&#8211; Secretaria: PepaFerr\u00e0 Serra<br \/>\n&#8211; Tesorera: Rosa Gonz\u00e1lez Casquero<br \/>\n&#8211; Vicesecretario: Francisco Jos\u00e9 Cereceda S\u00e1nchez<br \/>\n&#8211; Vocal 1 (vicetresorera): Carmen Gonzalvo Oller<br \/>\n&#8211; Vocal 2: Francisco Ferrer Cruz<br \/>\n&#8211; Vocal 3: Jos\u00e9 Iv\u00e1n O\u00f1a Gil<br \/>\n&#8211; Vocal 4: Silvia Garc\u00eda Castro<br \/>\n&#8211; Vocal 5: Mar\u00eda Magdalena Juli\u00e0 Catal\u00e0<br \/>\n&#8211; Vocal 6: Margalida Moranta Gelabert<br \/>\n&#8211; Vocal 7: Noem\u00ed Sans\u00f3 Mart\u00ednez<br \/>\n&#8211; Suplentes (por orden): Elena Orvay Vazquez, Eugenia Nadolu V\u00e9lez, Sergio Fresneda Genovard, Mar\u00eda Isabel Bujosa Taylor, Mar\u00eda Dolores Cohe\u00f1a Jim\u00e9nez, Milagros Figueroa C\u00e9zar, Adela Silvestre Cardona i Patricia Garc\u00eda Pazo<\/p>\n<p>La <strong>Junta Insular de Menorca<\/strong> estar\u00e1 presidida por Purificaci\u00f3n Luna, quien ahora ocupaba el cargo de secretaria. Luna actualmente trabaja al Servicio de Medicina Intensiva de Hospital Mateu Orfila y es profesora asociada de la UIB. Adem\u00e1s de ser diplomada en Enfermer\u00eda, tiene un M\u00e1ster en Atenci\u00f3n integral al enfermo cr\u00edtico (UB), es Experta universitaria en Gesti\u00f3n de Servicios de Salud (UIB) y en Competencias Docentes y Digitales en Ciencias de la Salud (CEU). Estos son los miembros:<\/p>\n<p>&#8211; Presidenta: Purificaci\u00f3n Luna Gallardo<br \/>\n&#8211; Vicepresidenta 1\u00aa: Nuria Febrero Juan<br \/>\n&#8211; Secretaria: Sonia L\u00f3pez Sosa<br \/>\n&#8211; Suplentes (por orden): Senda Ram\u00edrez S\u00e1nchez, Carolina Carretero Mar\u00ed i Gemma Mart\u00ednezPall\u00ed<\/p>\n<p>En la <strong>Junta Insular de las Pitiusas<\/strong> tambi\u00e9n repite como presidenta M\u00f2nica Yern, enfermera gestora de casos de COOREDUCASALUT en Ibiza y Formentera y profesora asociada al Grado de Enfermer\u00eda en la sede universitaria de la UIB en Ibiza. Yern es diplomada en Enfermer\u00eda y M\u00e1ster en Ciencias Sociales Aplicadas a la Atenci\u00f3n Sociosanitaria y ha trabajado mayoritariamente en el \u00e1mbito de pediatr\u00eda. La Junta Insular est\u00e1 formada por:<\/p>\n<p>&#8211; Presidenta: M\u00f2nicaYern Moreno<br \/>\n&#8211; Vicepresidenta1\u00aa: Mar\u00eda de Carmen Ortiz Mart\u00ednez<br \/>\n&#8211; Vicepresidenta2\u00aa (representante de Formentera): Esther Prats Ferrer<br \/>\n&#8211; Secretaria: Irene Susana Costa Daalmans<br \/>\n&#8211; Suplentes (por orden): Gloria Isabel P\u00e9rez Fern\u00e1ndez yOnofre Antonio S\u00e1ez Avil\u00e9s<\/p>\n<p>En septiembre se prev\u00e9 realizar un acto abierto a todos los colegiados y colegiadas en el que las nuevas juntas presentar\u00e1n a todos sus miembros y los planes estrat\u00e9gicos de los pr\u00f3ximos 4 a\u00f1os.<\/p>\n","protected":false},"excerpt":{"rendered":"<p>Maria Jos\u00e9 Sastre Perea repite en el cargo de presidenta del del Col\u00b7legi Oficial d\u2019Infermeres i Infermers de les Illes&#8230;<\/p>\n","protected":false},"author":19,"featured_media":34479,"comment_status":"open","ping_status":"closed","sticky":false,"template":"","format":"standard","meta":{"footnotes":""},"categories":[1040,376,315],"tags":[],"class_list":["post-34466","post","type-post","status-publish","format-standard","has-post-thumbnail","hentry","category-elecciones-coiba-2023","category-noticias-destacadas-2columna","category-noticias"],"_links":{"self":[{"href":"https:\/\/infermeriabalear.com\/es\/wp-json\/wp\/v2\/posts\/34466","targetHints":{"allow":["GET"]}}],"collection":[{"href":"https:\/\/infermeriabalear.com\/es\/wp-json\/wp\/v2\/posts"}],"about":[{"href":"https:\/\/infermeriabalear.com\/es\/wp-json\/wp\/v2\/types\/post"}],"author":[{"embeddable":true,"href":"https:\/\/infermeriabalear.com\/es\/wp-json\/wp\/v2\/users\/19"}],"replies":[{"embeddable":true,"href":"https:\/\/infermeriabalear.com\/es\/wp-json\/wp\/v2\/comments?post=34466"}],"version-history":[{"count":5,"href":"https:\/\/infermeriabalear.com\/es\/wp-json\/wp\/v2\/posts\/34466\/revisions"}],"predecessor-version":[{"id":34480,"href":"https:\/\/infermeriabalear.com\/es\/wp-json\/wp\/v2\/posts\/34466\/revisions\/34480"}],"wp:featuredmedia":[{"embeddable":true,"href":"https:\/\/infermeriabalear.com\/es\/wp-json\/wp\/v2\/media\/34479"}],"wp:attachment":[{"href":"https:\/\/infermeriabalear.com\/es\/wp-json\/wp\/v2\/media?parent=34466"}],"wp:term":[{"taxonomy":"category","embeddable":true,"href":"https:\/\/infermeriabalear.com\/es\/wp-json\/wp\/v2\/categories?post=34466"},{"taxonomy":"post_tag","embeddable":true,"href":"https:\/\/infermeriabalear.com\/es\/wp-json\/wp\/v2\/tags?post=34466"}],"curies":[{"name":"wp","href":"https:\/\/api.w.org\/{rel}","templated":true}]}}