{"id":35282,"date":"2023-09-27T17:17:59","date_gmt":"2023-09-27T15:17:59","guid":{"rendered":"https:\/\/infermeriabalear.com\/?p=35282"},"modified":"2023-10-05T16:30:22","modified_gmt":"2023-10-05T14:30:22","slug":"tres-enfermeras-de-baleares-finalistas-de-los-i-premios-nacionales-de-enfermeria-vota-antes-del-30-de-septiembre","status":"publish","type":"post","link":"https:\/\/infermeriabalear.com\/es\/2023\/09\/27\/tres-enfermeras-de-baleares-finalistas-de-los-i-premios-nacionales-de-enfermeria-vota-antes-del-30-de-septiembre\/","title":{"rendered":"Tres enfermeras de Baleares, finalistas de los I Premios Nacionales de Enfermer\u00eda \u00a1Vota antes del 30 de septiembre!"},"content":{"rendered":"<p>Tres enfermeras de Baleares son finalistas de los I\u00a0Premios\u00a0Nacionales\u00a0de\u00a0Enfermer\u00eda del Consejo General de Enfermer\u00eda, los cuales reconocen la tarea de enfermeras y enfermeros de toda Espa\u00f1a en distintos \u00e1mbitos de la profesi\u00f3n. Hasta el 30 de septiembre est\u00e1 abierta la votaci\u00f3n online a trav\u00e9s de <a href=\"http:\/\/consejogeneralenfermeria.org\/vota\" target=\"_blank\" rel=\"noopener\">consejogeneralenfermeria.org\/vota.<\/a><\/p>\n<p><strong>Soledad Gallardo \u2013 Categor\u00eda \u2018\u00c1mbito Gestor\u2019<\/strong><\/p>\n<p>Soledad Gallardo Bonet es gerente del Hospital Son Ll\u00e0tzer de Palma de Mallorca. Cargo que acaba de asumir tras pasar los \u00faltimos ocho a\u00f1os como gerente del Hospital Comarcal d\u2019Inca, siendo la primera enfermera que ocupa una gerencia de hospital en las Islas Baleares. Gallardo se inici\u00f3 en la gesti\u00f3n como supervisora de la unidad de Neurocirug\u00eda del Hospital Universitario Son Dureta, donde tambi\u00e9n ha sido adjunta del \u00c1rea de Calidad y directora del \u00c1rea de Gesti\u00f3n Cl\u00ednica de Hospitalizaci\u00f3n. Fue subdirectora de Enfermer\u00eda durante el proceso de reconversi\u00f3n a centro Sociosanitario de GESMA, donde pas\u00f3 a ser directora de Enfermer\u00eda. Tambi\u00e9n ha sido responsable t\u00e9cnica del Centro Coordinador de Paliativos de les Illes Balears.<\/p>\n<p>Su trayectoria profesional se ha centrado en la gesti\u00f3n en el \u00e1mbito de la salud, con especial inter\u00e9s en la sociedad del conocimiento y la comunicaci\u00f3n 2.0\/3.0. Las personas que trabajan con ella destacan su capacidad de adaptaci\u00f3n y la trasversalidad en su gesti\u00f3n, persiguiendo, en todo momento la excelencia en la calidad asistencial.<\/p>\n<p>En el \u00e1mbito de la docencia colabora en distintos m\u00e1steres relacionados con el gesti\u00f3n como el M\u00e1ster en Direcci\u00f3n y Liderazgo de Sistemas de Salud (UIB), o el Diploma de Especializaci\u00f3n en Gesti\u00f3n Cl\u00ednica de Enfermer\u00eda de la Escuela Nacional de Sanidad\/UNED, entre otros.<\/p>\n<p><strong>Miquel Bennasar \u2013 Categor\u00eda \u2018\u00c1mbito Investigador\u2019<\/strong><\/p>\n<p>Miquel Bennasar es el primer catedr\u00e1tico de Enfermer\u00eda en Baleares y miembro de la Comisi\u00f3n de Investigaci\u00f3n de la Universitat de les Illes Balears. Actualmente es miembro del Comit\u00e9 Cient\u00edfico del Instituto de Investigaci\u00f3n Santiaria de les Illes Balears, de la Comisi\u00f3n de Investigaci\u00f3n del Col\u00b7legi Oficial d&#8217;Infermeres i Infermers de les Illes Balears y coordinador del programa de doctorado en Salud Global, Servicios de Salud y Atenci\u00f3n Sociosanitaria .El inter\u00e9s principal de su carrera investigadora se ha centrado en dise\u00f1ar e implementar intervenciones no farmacol\u00f3gicas basadas en la modificaci\u00f3n de los estilos de vida para la prevenci\u00f3n de enfermedades cr\u00f3nicas como las enfermedades cardiovasculares y la diabetes mellitus tipo 2.<\/p>\n<p>Participa, como miembro del equipo de investigaci\u00f3n e Investigador Principal (PI) en 9 proyectos de investigaci\u00f3n competitivos a nivel nacional, 1 europeo y 12 auton\u00f3micos. Es investigador principal del grupo de investigaci\u00f3n consolidado \u201cSalud Global y Estilos de Vida (EVES)\u201d del Instituto de Investigaci\u00f3n Sanitaria de les Illes Balears (IdISBa), instituto acreditado por el ISCIII. Miembro del CIBER de Epidemiolog\u00eda y Salud P\u00fablica (CIBERESP). Es evaluador de la Agencia Estatal de Investigaci\u00f3n (AEI), evaluador de grupos de investigaci\u00f3n en la Agencia de Gesti\u00f3n de Ayudas Universitarias y de Investigaci\u00f3n de Catalunya (AGAUR), revisor en diferentes revistas del JCR, y evaluador de la Agencia Nacional de Evaluaci\u00f3n de la Calidad y Acreditaci\u00f3n (ANECA) y de la Agencia de Calidad del Sistema Universitario Vasco (Unibasq).Ha publicado m\u00e1s de 90 art\u00edculos en revistas internacionales evaluadas por pares, 69 de ellos en revistas cient\u00edficas indexadas en el Journal Citation Reports (JCR).<\/p>\n<p><strong>Patricia G\u00f3mez \u2013 Categor\u00eda \u2018\u00c1mbito Gestor\u2019<\/strong><\/p>\n<p>Patricia G\u00f3mez ha sido consellera de Salut y Consum de Illes Baleares durante dos legislaturas y actualmente es diputada en el Parlamento Balear por el grupo socialista. Desde 2006 dirige la revista Tesela: direcci\u00f3n y gesti\u00f3n, publicaci\u00f3n de la Asociaci\u00f3n Nacional de Directivos de Enfermer\u00eda.<\/p>\n<p>G\u00f3mez Picard estudi\u00f3 Enfermer\u00eda en la Universidad de las Islas Baleares y ha ocupado diferentes cargos en el Hospital Universitario Son Dureta (Palma de Mallorca) como subdirectora de Enfermer\u00eda, adjunta de Formaci\u00f3n e Investigaci\u00f3n en el Hospital Universitario Son Dureta, adjunta de Recursos Humanos y Calidad en Gesma supervisora del \u00c1rea Hospital Verge de la Salud y supervisora de la Unidad Hospital de D\u00eda, Adultos y Pediatr\u00eda. De 2007 a 2011 fue directora de Cuidados y Coordinaci\u00f3n Sociosanitaria del Servicio de Salud de las Islas Baleares. Durante estos a\u00f1os se cre\u00f3 la Comisi\u00f3n Auton\u00f3mica de Cuidados, que integr\u00f3 a las direcciones de Enfermer\u00eda de todos los \u00e1mbitos.<\/p>\n<p>\u00a1Si todav\u00eda no has votado, lo puedes hacer en <a href=\"http:\/\/consejogeneralenfermeria.org\/vota\" target=\"_blank\" rel=\"noopener\">consejogeneralenfermeria.org\/vota<\/a> hasta el 30 de septiembre!<\/p>\n<p><em>Fuente: https:\/\/www.consejogeneralenfermeria.org\/premios<\/em><\/p>\n","protected":false},"excerpt":{"rendered":"<p>Tres enfermeras de Baleares son finalistas de los I\u00a0Premios\u00a0Nacionales\u00a0de\u00a0Enfermer\u00eda del Consejo General de Enfermer\u00eda, los cuales reconocen la tarea de&#8230;<\/p>\n","protected":false},"author":19,"featured_media":35284,"comment_status":"open","ping_status":"closed","sticky":false,"template":"","format":"standard","meta":{"footnotes":""},"categories":[315],"tags":[],"class_list":["post-35282","post","type-post","status-publish","format-standard","has-post-thumbnail","hentry","category-noticias"],"_links":{"self":[{"href":"https:\/\/infermeriabalear.com\/es\/wp-json\/wp\/v2\/posts\/35282","targetHints":{"allow":["GET"]}}],"collection":[{"href":"https:\/\/infermeriabalear.com\/es\/wp-json\/wp\/v2\/posts"}],"about":[{"href":"https:\/\/infermeriabalear.com\/es\/wp-json\/wp\/v2\/types\/post"}],"author":[{"embeddable":true,"href":"https:\/\/infermeriabalear.com\/es\/wp-json\/wp\/v2\/users\/19"}],"replies":[{"embeddable":true,"href":"https:\/\/infermeriabalear.com\/es\/wp-json\/wp\/v2\/comments?post=35282"}],"version-history":[{"count":4,"href":"https:\/\/infermeriabalear.com\/es\/wp-json\/wp\/v2\/posts\/35282\/revisions"}],"predecessor-version":[{"id":35294,"href":"https:\/\/infermeriabalear.com\/es\/wp-json\/wp\/v2\/posts\/35282\/revisions\/35294"}],"wp:featuredmedia":[{"embeddable":true,"href":"https:\/\/infermeriabalear.com\/es\/wp-json\/wp\/v2\/media\/35284"}],"wp:attachment":[{"href":"https:\/\/infermeriabalear.com\/es\/wp-json\/wp\/v2\/media?parent=35282"}],"wp:term":[{"taxonomy":"category","embeddable":true,"href":"https:\/\/infermeriabalear.com\/es\/wp-json\/wp\/v2\/categories?post=35282"},{"taxonomy":"post_tag","embeddable":true,"href":"https:\/\/infermeriabalear.com\/es\/wp-json\/wp\/v2\/tags?post=35282"}],"curies":[{"name":"wp","href":"https:\/\/api.w.org\/{rel}","templated":true}]}}