{"id":35670,"date":"2023-10-25T12:11:26","date_gmt":"2023-10-25T10:11:26","guid":{"rendered":"https:\/\/infermeriabalear.com\/?p=35670"},"modified":"2023-11-07T14:02:28","modified_gmt":"2023-11-07T13:02:28","slug":"enfermeras-baleares-triunfan-premios-nacionales-enfermeria-soledad-gallardo-miquel-bennasar","status":"publish","type":"post","link":"https:\/\/infermeriabalear.com\/es\/2023\/10\/25\/enfermeras-baleares-triunfan-premios-nacionales-enfermeria-soledad-gallardo-miquel-bennasar\/","title":{"rendered":"Soledad Gallardo y Miquel Bennasar, nombradas mejor gestora e investigadora en los Premios Nacionales de Enfermer\u00eda"},"content":{"rendered":"<p><em>Ambas candidaturas fueron propuestas por el COIBA y han sido elegidos por votaci\u00f3n popular online entre 25 finalistas enfermeras de toda Espa\u00f1a <\/em><\/p>\n<p>Las colegiadas Soledad Gallardo y Miquel Bennasar han sido ganadoras de los I Premios Nacionales Enfermer\u00eda en la categor\u00eda de gesti\u00f3n y de investigaci\u00f3n respectivamente, dentro de la primera edici\u00f3n de unos galardones a escala nacional convocados por el Consejo General de Enfermer\u00eda. Estos premios reconocen la actividad profesional en el \u00e1mbito asistencial, gestor, docente e investigador, adem\u00e1s de la contribuci\u00f3n de trayectorias profesionales remarcables. Con un total de cinco categor\u00edas dirigidas a enfermeras, dos recayeron en profesionales de las Islas Baleares.<\/p>\n<p><strong><img loading=\"lazy\" decoding=\"async\" class=\" wp-image-35673 aligncenter\" src=\"https:\/\/infermeriabalear.com\/wp-content\/uploads\/2023\/10\/Soledad-Gallardo-i-Miquel-Bennasar-les-millors-en-gestio-i-recerca-7.jpg\" alt=\"\" width=\"527\" height=\"395\" srcset=\"https:\/\/infermeriabalear.com\/wp-content\/uploads\/2023\/10\/Soledad-Gallardo-i-Miquel-Bennasar-les-millors-en-gestio-i-recerca-7.jpg 1600w, https:\/\/infermeriabalear.com\/wp-content\/uploads\/2023\/10\/Soledad-Gallardo-i-Miquel-Bennasar-les-millors-en-gestio-i-recerca-7-300x225.jpg 300w, https:\/\/infermeriabalear.com\/wp-content\/uploads\/2023\/10\/Soledad-Gallardo-i-Miquel-Bennasar-les-millors-en-gestio-i-recerca-7-400x300.jpg 400w, https:\/\/infermeriabalear.com\/wp-content\/uploads\/2023\/10\/Soledad-Gallardo-i-Miquel-Bennasar-les-millors-en-gestio-i-recerca-7-768x576.jpg 768w, https:\/\/infermeriabalear.com\/wp-content\/uploads\/2023\/10\/Soledad-Gallardo-i-Miquel-Bennasar-les-millors-en-gestio-i-recerca-7-1536x1152.jpg 1536w, https:\/\/infermeriabalear.com\/wp-content\/uploads\/2023\/10\/Soledad-Gallardo-i-Miquel-Bennasar-les-millors-en-gestio-i-recerca-7-16x12.jpg 16w\" sizes=\"auto, (max-width: 527px) 100vw, 527px\" \/><\/strong><\/p>\n<p>Los ganadores, que se anunciaron ayer en un acto en Madrid, han sido elegidos por votaci\u00f3n popular online entre los 25 finalistas enfermeros que fueron seleccionados por un jurado tras valorar las m\u00e1s de 100 candidaturas recibidas. Cada colegio profesional de Espa\u00f1a pod\u00eda presentar candidatos, y ambas profesionales fueron las propuestas del Col\u00b7legi Oficial d\u2019Infermeres i Infermers de les Illes Balears. (COIBA). Los premios contaban con 5 categor\u00edas dirigidas en enfermeras (\u00e1mbito asistencial, gestor, docente, investigador, trayectoria profesional) y una sexta para la persona ajena a la profesi\u00f3n que m\u00e1s ha potenciado la labor enfermera; y se registraron m\u00e1s de 36.000 votos.<\/p>\n<p>\u201cTenemos grandes enfermeras en Baleares y siempre es una gran noticia que se reconozca su labor, especialmente en \u00e1mbitos menos visibles desde los que tambi\u00e9n cuidamos de la salud de la poblaci\u00f3n, como es la gesti\u00f3n y la investigaci\u00f3n\u201d, ha celebrado la presidenta del COIBA, Maria Jos\u00e9 Sastre, quien acompa\u00f1\u00f3 en el acto a los dos colegiados. Para la representante de las enfermeras de las Islas Baleares es una celebraci\u00f3n y orgullo doble: \u201cCon estos premios, una vez m\u00e1s, se demuestra que en nuestra CCAA tenemos enfermeras con la formaci\u00f3n, la experiencia y el conocimiento necesario para gestionar y liderar de manera excelente, como es el caso de Soledad. Y tambi\u00e9n es una prueba m\u00e1s de la destacable contribuci\u00f3n de las enfermeras de esta comunidad a la investigaci\u00f3n en salud tanto nacional como internacional, donde Miquel es, sin duda, un referente para todas nosotras\u201d.<\/p>\n<p><strong><img loading=\"lazy\" decoding=\"async\" class=\" wp-image-35672 aligncenter\" src=\"https:\/\/infermeriabalear.com\/wp-content\/uploads\/2023\/10\/Soledad-Gallardo-i-Miquel-Bennasar-les-millors-en-gestio-i-recerca-4.jpg\" alt=\"\" width=\"525\" height=\"351\" srcset=\"https:\/\/infermeriabalear.com\/wp-content\/uploads\/2023\/10\/Soledad-Gallardo-i-Miquel-Bennasar-les-millors-en-gestio-i-recerca-4.jpg 1226w, https:\/\/infermeriabalear.com\/wp-content\/uploads\/2023\/10\/Soledad-Gallardo-i-Miquel-Bennasar-les-millors-en-gestio-i-recerca-4-300x201.jpg 300w, https:\/\/infermeriabalear.com\/wp-content\/uploads\/2023\/10\/Soledad-Gallardo-i-Miquel-Bennasar-les-millors-en-gestio-i-recerca-4-400x268.jpg 400w, https:\/\/infermeriabalear.com\/wp-content\/uploads\/2023\/10\/Soledad-Gallardo-i-Miquel-Bennasar-les-millors-en-gestio-i-recerca-4-768x514.jpg 768w, https:\/\/infermeriabalear.com\/wp-content\/uploads\/2023\/10\/Soledad-Gallardo-i-Miquel-Bennasar-les-millors-en-gestio-i-recerca-4-18x12.jpg 18w\" sizes=\"auto, (max-width: 525px) 100vw, 525px\" \/><\/strong><\/p>\n<p><strong>Miquel Bennasar<\/strong><\/p>\n<p>El Dr. Miguel Bennasar es el primer enfermero en lograr el hito hist\u00f3rico de ser el primer catedr\u00e1tico de universidad del \u00e1rea de enfermer\u00eda de las Islas Baleares, adem\u00e1s de ser uno de los catedr\u00e1ticos m\u00e1s j\u00f3venes de Espa\u00f1a, lo que pone en evidencia su magn\u00edfica trayectoria profesional e investigadora. Tiene una amplia experiencia en liderazgo de la investigaci\u00f3n y destaca con su compromiso y defensa de la profesi\u00f3n enfermera.<\/p>\n<p>Es investigador principal del grupo de investigaci\u00f3n en Salud Global y Estilos de Vida, un grupo de investigaci\u00f3n consolidado y competitivo del Instituto de Investigaci\u00f3n Sanitaria de les Illes Balears (IdISBa) y ha sido director del Departamento de Enfermer\u00eda y Fisioterapia de la Universitat de les Illes Balears.\u00a0 Actualmente, es miembro de la Comisi\u00f3n de Investigaci\u00f3n de la UIB y coordina el programa de doctorado en Salud Global, Servicios de Salud y Atenci\u00f3n Sociosanitaria.<\/p>\n<p>Tambi\u00e9n destaca por su fomento de la investigaci\u00f3n enfermera desde diferentes instituciones. Colabora de manera activa como miembro de Comisi\u00f3n de Investigaci\u00f3n del Col\u00b7legi Oficial d\u2019Infermeres i Infermers de les Illes Baleares (COIBA), desde donde ha potenciado la investigaci\u00f3n enfermera entre las profesionales de las Islas Baleares creando la primera beca predoctoral Florence Nightingale, convocatorias de proyectos de investigaci\u00f3n, as\u00ed como de difusi\u00f3n y transferencia de los resultados de investigaci\u00f3n.<\/p>\n<p>Posee numerosas publicaciones en revistas cient\u00edficas de impacto, es investigador principal en proyectos de investigaci\u00f3n competitivos del Instituto Carlos III y miembro del Centro de Investigaci\u00f3n Biom\u00e9dica en Red de Epidemiolog\u00eda y Salud P\u00fablica (CIBERESP). En 2021 fue nombrado Acad\u00e9mico correspondiente nacional por elecci\u00f3n de la Real Academia de Medicina de las Islas Baleares (RAMIB). Ha sido miembro del Comit\u00e9 de \u00c9tica de la Investigaci\u00f3n de las Islas Baleares (CEI-IB) durante 10 a\u00f1os y miembro de la comisi\u00f3n de contrataci\u00f3n y del Consejo Social de la UIB.<\/p>\n<p><strong><img loading=\"lazy\" decoding=\"async\" class=\"wp-image-35671 aligncenter\" src=\"https:\/\/infermeriabalear.com\/wp-content\/uploads\/2023\/10\/Soledad-Gallardo-i-Miquel-Bennasar-les-millors-en-gestio-i-recerca-8-e1698227831946.jpg\" alt=\"\" width=\"520\" height=\"293\" srcset=\"https:\/\/infermeriabalear.com\/wp-content\/uploads\/2023\/10\/Soledad-Gallardo-i-Miquel-Bennasar-les-millors-en-gestio-i-recerca-8-e1698227831946.jpg 1101w, https:\/\/infermeriabalear.com\/wp-content\/uploads\/2023\/10\/Soledad-Gallardo-i-Miquel-Bennasar-les-millors-en-gestio-i-recerca-8-e1698227831946-300x169.jpg 300w, https:\/\/infermeriabalear.com\/wp-content\/uploads\/2023\/10\/Soledad-Gallardo-i-Miquel-Bennasar-les-millors-en-gestio-i-recerca-8-e1698227831946-400x226.jpg 400w, https:\/\/infermeriabalear.com\/wp-content\/uploads\/2023\/10\/Soledad-Gallardo-i-Miquel-Bennasar-les-millors-en-gestio-i-recerca-8-e1698227831946-768x433.jpg 768w, https:\/\/infermeriabalear.com\/wp-content\/uploads\/2023\/10\/Soledad-Gallardo-i-Miquel-Bennasar-les-millors-en-gestio-i-recerca-8-e1698227831946-18x10.jpg 18w\" sizes=\"auto, (max-width: 520px) 100vw, 520px\" \/>Soledad Gallardo <\/strong><\/p>\n<p>Soledad Gallardo ostenta el hito de haber sido la primera enfermera nombrada gerente de un hospital de las Islas Baleares. Tras ocho a\u00f1os en la gerencia del Hospital Comarcal de Inca, actualmente ha pasado a ser gerente del Hospital Universitari Son Ll\u00e0tzer.<\/p>\n<p>Su trayectoria profesional se ha centrado en la gesti\u00f3n en el \u00e1mbito de la salud, con especial inter\u00e9s en la sociedad del conocimiento y la comunicaci\u00f3n 2.0\/3.0. A lo largo de su trayectoria ha destacado por sus habilidades en la dinamizaci\u00f3n y motivaci\u00f3n de equipos con una gran visi\u00f3n en el desarrollo estrat\u00e9gico de proyectos. Las personas que trabajan con ella destacan su capacidad de adaptaci\u00f3n y la trasversalidad en su gesti\u00f3n, persiguiendo en todo momento la excelencia en la calidad asistencial.<\/p>\n<p>Adem\u00e1s, ha mostrado gran compromiso con la cooperaci\u00f3n internacional desarrollando diferentes proyectos en pa\u00edses como Burundi, Nicaragua o Gambia y en la actualidad colabora ocasionalmente en el an\u00e1lisis de viabilidad de diversos proyectos, desde la perspectiva social y cultural. En la actualidad sigue muy implicada en el empoderamiento de las mujeres en los pa\u00edses en v\u00edas de desarrollo.<\/p>\n<p>Gallardo se inici\u00f3 en la gesti\u00f3n como supervisora de la unidad de Neurocirug\u00eda del Hospital Universitario Son Dureta, donde tambi\u00e9n fue adjunta del \u00c1rea de Calidad y directora del \u00c1rea de Gesti\u00f3n Cl\u00ednica de Hospitalizaci\u00f3n. Fue subdirectora de Enfermer\u00eda durante el proceso de reconversi\u00f3n a centro Sociosanitario de GESMA, donde pas\u00f3 a ser directora de Enfermer\u00eda. Tambi\u00e9n ha sido responsable t\u00e9cnica del Centro Coordinador de Paliativos de les Illes Balears.<\/p>\n<p>En el \u00e1mbito de la docencia colabora en distintos m\u00e1steres relacionados con la gesti\u00f3n como el M\u00e1ster en Direcci\u00f3n y Liderazgo de Sistemas de Salud (UIB), o el Diploma de Especializaci\u00f3n en Gesti\u00f3n Cl\u00ednica de Enfermer\u00eda de la Escuela Nacional de Sanidad\/UNED, entre otros.<\/p>\n","protected":false},"excerpt":{"rendered":"<p>Ambas candidaturas fueron propuestas por el COIBA y han sido elegidos por votaci\u00f3n popular online entre 25 finalistas enfermeras de&#8230;<\/p>\n","protected":false},"author":19,"featured_media":35671,"comment_status":"open","ping_status":"closed","sticky":false,"template":"","format":"standard","meta":{"footnotes":""},"categories":[376,315],"tags":[],"class_list":["post-35670","post","type-post","status-publish","format-standard","has-post-thumbnail","hentry","category-noticias-destacadas-2columna","category-noticias"],"_links":{"self":[{"href":"https:\/\/infermeriabalear.com\/es\/wp-json\/wp\/v2\/posts\/35670","targetHints":{"allow":["GET"]}}],"collection":[{"href":"https:\/\/infermeriabalear.com\/es\/wp-json\/wp\/v2\/posts"}],"about":[{"href":"https:\/\/infermeriabalear.com\/es\/wp-json\/wp\/v2\/types\/post"}],"author":[{"embeddable":true,"href":"https:\/\/infermeriabalear.com\/es\/wp-json\/wp\/v2\/users\/19"}],"replies":[{"embeddable":true,"href":"https:\/\/infermeriabalear.com\/es\/wp-json\/wp\/v2\/comments?post=35670"}],"version-history":[{"count":5,"href":"https:\/\/infermeriabalear.com\/es\/wp-json\/wp\/v2\/posts\/35670\/revisions"}],"predecessor-version":[{"id":35690,"href":"https:\/\/infermeriabalear.com\/es\/wp-json\/wp\/v2\/posts\/35670\/revisions\/35690"}],"wp:featuredmedia":[{"embeddable":true,"href":"https:\/\/infermeriabalear.com\/es\/wp-json\/wp\/v2\/media\/35671"}],"wp:attachment":[{"href":"https:\/\/infermeriabalear.com\/es\/wp-json\/wp\/v2\/media?parent=35670"}],"wp:term":[{"taxonomy":"category","embeddable":true,"href":"https:\/\/infermeriabalear.com\/es\/wp-json\/wp\/v2\/categories?post=35670"},{"taxonomy":"post_tag","embeddable":true,"href":"https:\/\/infermeriabalear.com\/es\/wp-json\/wp\/v2\/tags?post=35670"}],"curies":[{"name":"wp","href":"https:\/\/api.w.org\/{rel}","templated":true}]}}