{"id":35830,"date":"2023-11-07T13:33:18","date_gmt":"2023-11-07T12:33:18","guid":{"rendered":"https:\/\/infermeriabalear.com\/?p=35830"},"modified":"2024-01-15T12:39:28","modified_gmt":"2024-01-15T11:39:28","slug":"conferencia-cuidar-requiere-toda-la-sociedad-dolors-comas-argemir","status":"publish","type":"post","link":"https:\/\/infermeriabalear.com\/es\/2023\/11\/07\/conferencia-cuidar-requiere-toda-la-sociedad-dolors-comas-argemir\/","title":{"rendered":"Conferencia &#8220;Cuidar: una necesidad que requiere respuestas de toda la sociedad&#8221; con Dolors Comas d&#8217;Argemir"},"content":{"rendered":"<div class=\"wp-block-column\" style=\"flex-basis: 66.66%;\">\r\n<figure class=\"wp-block-image size-large\"><\/figure>\r\n<!-- \/wp:post-content --><\/div>\r\n<h3><!-- \/wp:column -->\r\n\r\n<!-- wp:column {\"width\":33.33} --><\/h3>\r\n<h4><em>Sesi\u00f3n organizada por la Associaci\u00f3 Mans a les Mans, COIBA y la Facultat d\u2019Infermeria i Fisioter\u00e0pia de la UIB en la que se reflexionar\u00e1 en c\u00f3mo abordar los desaf\u00edos actuales en este campo crucial<\/em><\/h4>\r\n<div><img loading=\"lazy\" decoding=\"async\" class=\"wp-image-35835  aligncenter\" src=\"https:\/\/infermeriabalear.com\/wp-content\/uploads\/2023\/11\/CAST_TW.png\" alt=\"\" width=\"970\" height=\"546\" srcset=\"https:\/\/infermeriabalear.com\/wp-content\/uploads\/2023\/11\/CAST_TW.png 1600w, https:\/\/infermeriabalear.com\/wp-content\/uploads\/2023\/11\/CAST_TW-300x169.png 300w, https:\/\/infermeriabalear.com\/wp-content\/uploads\/2023\/11\/CAST_TW-400x225.png 400w, https:\/\/infermeriabalear.com\/wp-content\/uploads\/2023\/11\/CAST_TW-768x432.png 768w, https:\/\/infermeriabalear.com\/wp-content\/uploads\/2023\/11\/CAST_TW-1536x864.png 1536w, https:\/\/infermeriabalear.com\/wp-content\/uploads\/2023\/11\/CAST_TW-18x10.png 18w\" sizes=\"auto, (max-width: 970px) 100vw, 970px\" \/><\/div>\r\n<div>\u00a0<\/div>\r\n<div>\r\n<p>La Associaci\u00f3 Mans a les Mans (Associaci\u00f3n de personas cuidadoras de Mallorca), el Col\u00b7legi Oficial d\u2019Infermeres i Infermers de les Illes Baleares (COIBA) y la Facultat d\u2019Infermeria i Fisioter\u00e0pia de la UIB proponen una actividad enriquecedora tanto para socios y colegiadas como para otros profesionales. Dolors Comas d&#8217;Argemir, catedr\u00e1tica de Antropolog\u00eda Social y Cultural, estar\u00e1 en Palma para ofrecer la conferencia &#8220;Cuidar: una necesidad que requiere respuestas de toda la sociedad&#8221;, en la que brindar\u00e1 ideas valiosas sobre c\u00f3mo abordar los desaf\u00edos actuales en el campo del cuidado. Ser\u00e1 el 21 de noviembre a las 18h en el Edificio Guillem Cifre de la UIB.<\/p>\r\n<p><strong>Contexto y objetivos de la sesi\u00f3n:<\/strong><\/p>\r\n<p>Los cambios sociales de las \u00faltimas d\u00e9cadas han hecho que el paradigma del cuidado a las personas en situaci\u00f3n de dependencia, que antes llevaban a cabo las mujeres, normalmente de forma gratuita, haya sufrido modificaciones relevantes en su din\u00e1mica: las mujeres est\u00e1n incorporadas casi en su totalidad en el mundo laboral y la esperanza de vida y la cronicidad de muchas enfermedades han aumentado, desafiando todo ello la base sobre la que se constru\u00eda esta labor. Ante este reto actual se plantean muchas preguntas y dicotom\u00edas, y Dolors Comas d\u2019Argemir Ceniza, catedr\u00e1tica de Antropolog\u00eda Social y Cultural, es una de las pocas personas que puede tener las respuestas. La Dra. Comas d\u2019Argemir ha dedicado la mayor parte de su investigaci\u00f3n al g\u00e9nero, la justicia social, trabajos \u2013 pagados y no pagados \u2013 de las mujeres, cambios en la familia, la atenci\u00f3n a la dependencia y a las pol\u00edticas p\u00fablicas.<\/p>\r\n<p>Esta conferencia, organizada en el marco del Dia del Cuidador (5 de novembre), es una oportunidad \u00fanica para ampliar conocimientos de la mano de una investigadora experta en este campo. Una sesi\u00f3n abierta que pretende ampliar la perspectiva actual y futura del cuidado, repasando sus bases antropol\u00f3gicas y culturales. Tambi\u00e9n se propone como un punto de di\u00e1logo entre los profesionales y las personas cuidadoras.<\/p>\r\n<p><strong>Ponente: Dra <\/strong><strong>Dolors\u00a0Comas\u00a0d\u2019Argemir\u00a0Ceniza<\/strong><\/p>\r\n<p>Fue fundadora del Institut Catal\u00e0 d\u2019Antropologia (1978) e introductora de los estudios de Antropolog\u00eda a la UB y a la URV. Su contribuci\u00f3n es indiscutible en cuestiones relacionadas con las mujeres, el g\u00e9nero y las desigualdades sociales. Fue una de las primeras personas en plantear el tema de los cuidados en Espa\u00f1a en sus estudios. Destacan sus libros<em> \u2018Vides de dona\u2019 (1990) y <\/em><em>\u201cTrabajo, g\u00e9nero,y cultura&#8221;(1995)\u201d, <\/em>y entre sus publicaciones hay t\u00edtulos como<em> \u201cEl cuidado de mayores y dependientes: avanzando hacia la igualdad de g\u00e9nero y la justicia social\u201d, o \u201cCuidados y derechos. El avance hacia la democratizaci\u00f3n de los cuidados\u201d<\/em>. Adem\u00e1s, fue diputada del Parlamento de Catalu\u00f1a y consejera del Consejo del Audiovisual de Catalu\u00f1a, desde donde estableci\u00f3 puentes entre la reflexi\u00f3n acad\u00e9mica y la intervenci\u00f3n social. Actualmente imparte cursos, conferencias y seminarios en distintas universidades espa\u00f1olas y extranjeras y ha sido\u00a0<em>visiting\u00a0scholar<\/em>\u00a0en\u00a0Goldsmiths\u2019\u00a0College\u00a0y Birkbeck\u00a0College, de la\u00a0University\u00a0of\u00a0London.<\/p>\r\n<p><strong>M\u00e1s detalles:<\/strong><\/p>\r\n<ul>\r\n<li>Fecha y hora: 21 de noviembre, 18h<\/li>\r\n<li>Lugar: Edificio Guillem Cifre de la UIB \u2013 sala Magna.<\/li>\r\n<li><strong>Entrada libre<\/strong><\/li>\r\n<li><strong>Solicitada acreditaci\u00f3n CFC.<\/strong> Si est\u00e1s interesada en obtener el certificado, <del>rellena<strong> AQU\u00cd el formulario<\/strong><\/del><\/li>\r\n<\/ul>\r\n<\/div>","protected":false},"excerpt":{"rendered":"<p>Sesi\u00f3n organizada por la Associaci\u00f3 Mans a les Mans, COIBA y la Facultat d\u2019Infermeria i Fisioter\u00e0pia de la UIB en&#8230;<\/p>\n","protected":false},"author":19,"featured_media":35835,"comment_status":"closed","ping_status":"closed","sticky":false,"template":"","format":"standard","meta":{"footnotes":""},"categories":[314,315,370],"tags":[],"class_list":["post-35830","post","type-post","status-publish","format-standard","has-post-thumbnail","hentry","category-eventos-coiba","category-noticias","category-noticias-destacadas"],"_links":{"self":[{"href":"https:\/\/infermeriabalear.com\/es\/wp-json\/wp\/v2\/posts\/35830","targetHints":{"allow":["GET"]}}],"collection":[{"href":"https:\/\/infermeriabalear.com\/es\/wp-json\/wp\/v2\/posts"}],"about":[{"href":"https:\/\/infermeriabalear.com\/es\/wp-json\/wp\/v2\/types\/post"}],"author":[{"embeddable":true,"href":"https:\/\/infermeriabalear.com\/es\/wp-json\/wp\/v2\/users\/19"}],"replies":[{"embeddable":true,"href":"https:\/\/infermeriabalear.com\/es\/wp-json\/wp\/v2\/comments?post=35830"}],"version-history":[{"count":5,"href":"https:\/\/infermeriabalear.com\/es\/wp-json\/wp\/v2\/posts\/35830\/revisions"}],"predecessor-version":[{"id":36545,"href":"https:\/\/infermeriabalear.com\/es\/wp-json\/wp\/v2\/posts\/35830\/revisions\/36545"}],"wp:featuredmedia":[{"embeddable":true,"href":"https:\/\/infermeriabalear.com\/es\/wp-json\/wp\/v2\/media\/35835"}],"wp:attachment":[{"href":"https:\/\/infermeriabalear.com\/es\/wp-json\/wp\/v2\/media?parent=35830"}],"wp:term":[{"taxonomy":"category","embeddable":true,"href":"https:\/\/infermeriabalear.com\/es\/wp-json\/wp\/v2\/categories?post=35830"},{"taxonomy":"post_tag","embeddable":true,"href":"https:\/\/infermeriabalear.com\/es\/wp-json\/wp\/v2\/tags?post=35830"}],"curies":[{"name":"wp","href":"https:\/\/api.w.org\/{rel}","templated":true}]}}