{"id":36294,"date":"2023-12-15T13:55:48","date_gmt":"2023-12-15T12:55:48","guid":{"rendered":"https:\/\/infermeriabalear.com\/?p=36294"},"modified":"2023-12-15T13:59:44","modified_gmt":"2023-12-15T12:59:44","slug":"participacion-en-un-proyecto-de-investigacion-de-la-uib-sobre-el-burn-out-en-enfermeras","status":"publish","type":"post","link":"https:\/\/infermeriabalear.com\/es\/2023\/12\/15\/participacion-en-un-proyecto-de-investigacion-de-la-uib-sobre-el-burn-out-en-enfermeras\/","title":{"rendered":"Participaci\u00f3n en un proyecto de investigaci\u00f3n de la UIB sobre el burnout en enfermeras \u00bfTe gustar\u00eda ser entrevistada?"},"content":{"rendered":"<p>La enfermera y doctoranda Sarah-Louise Flowers busca enfermeras cualificadas para participar voluntariamente en un proyecto de investigaci\u00f3n que se est\u00e1 llevando a cabo en la UIB: <u>Cuidados Compasivos; Una exploraci\u00f3n de los Recursos Internos de las Enfermeras frente al Burnout<\/u>&#8216;<\/p>\n<p><strong>\u00bfTe gustar\u00eda ser entrevistada sobre c\u00f3mo te hace sentir la enfermer\u00eda actual y c\u00f3mo afecta a la atenci\u00f3n del paciente?<\/strong><\/p>\n<p>Esta doctoranda de la UIB busca enfermeras\u00a0 que concedan una hora de su tiempo para ser entrevistadas sobre sus experiencias como enfermeras en activo, con especial atenci\u00f3n a la prestaci\u00f3n de cuidados compasivos, el estr\u00e9s laboral y el agotamiento, as\u00ed como las formas en que podemos intentar mejorar la situaci\u00f3n de los futuros profesionales. Estas entrevistas se grabar\u00e1n y transcribir\u00e1n de forma audible, se anonimizar\u00e1n y se utilizar\u00e1n para el an\u00e1lisis de la investigaci\u00f3n doctoral.<\/p>\n<p><img loading=\"lazy\" decoding=\"async\" class=\"wp-image-36296 aligncenter\" src=\"https:\/\/infermeriabalear.com\/wp-content\/uploads\/2023\/12\/Call-to-Interview-1-scaled.jpg\" alt=\"\" width=\"754\" height=\"533\" srcset=\"https:\/\/infermeriabalear.com\/wp-content\/uploads\/2023\/12\/Call-to-Interview-1-scaled.jpg 2560w, https:\/\/infermeriabalear.com\/wp-content\/uploads\/2023\/12\/Call-to-Interview-1-300x212.jpg 300w, https:\/\/infermeriabalear.com\/wp-content\/uploads\/2023\/12\/Call-to-Interview-1-400x283.jpg 400w, https:\/\/infermeriabalear.com\/wp-content\/uploads\/2023\/12\/Call-to-Interview-1-768x543.jpg 768w, https:\/\/infermeriabalear.com\/wp-content\/uploads\/2023\/12\/Call-to-Interview-1-1536x1085.jpg 1536w, https:\/\/infermeriabalear.com\/wp-content\/uploads\/2023\/12\/Call-to-Interview-1-2048x1447.jpg 2048w, https:\/\/infermeriabalear.com\/wp-content\/uploads\/2023\/12\/Call-to-Interview-1-18x12.jpg 18w\" sizes=\"auto, (max-width: 754px) 100vw, 754px\" \/><\/p>\n<p><strong>M\u00e1s informaci\u00f3n sobre este proyecto de investigaci\u00f3n:<\/strong><\/p>\n<p>El objetivo general de este estudio es obtener una visi\u00f3n detallada de c\u00f3mo los recursos internos utilizados por las enfermeras en diferentes momentos de su carrera afectan a su capacidad para prestar cuidados compasivos en entornos de gran estr\u00e9s y agotamiento, con el objetivo \u00faltimo de utilizar los resultados para introducir mejoras en los programas de formaci\u00f3n de enfermeras, a fin de mejorar los resultados de salud mental de los estudiantes y futuros profesionales.<\/p>\n<p>Una comprensi\u00f3n m\u00e1s profunda de la compleja red de recursos internos, motivaciones y limitaciones que impulsa la capacidad de las enfermeras para prestar cuidados compasivos permitir\u00e1, en \u00faltima instancia, que los cambios educativos y pol\u00edticos se basen en las experiencias vividas por las personas que trabajan en el \u00e1mbito de la salud, fundamentando as\u00ed la teor\u00eda en la pr\u00e1ctica real.<\/p>\n<p>Supervisoras: Noem\u00ed Sans\u00f3, Laura Galiana, Mireia Sol\u00e0<\/p>\n<p>&nbsp;<\/p>\n","protected":false},"excerpt":{"rendered":"<p>La enfermera y doctoranda Sarah-Louise Flowers busca enfermeras cualificadas para participar voluntariamente en un proyecto de investigaci\u00f3n que se est\u00e1&#8230;<\/p>\n","protected":false},"author":19,"featured_media":36295,"comment_status":"open","ping_status":"closed","sticky":false,"template":"","format":"standard","meta":{"footnotes":""},"categories":[970,315],"tags":[],"class_list":["post-36294","post","type-post","status-publish","format-standard","has-post-thumbnail","hentry","category-participacion-estudios","category-noticias"],"_links":{"self":[{"href":"https:\/\/infermeriabalear.com\/es\/wp-json\/wp\/v2\/posts\/36294","targetHints":{"allow":["GET"]}}],"collection":[{"href":"https:\/\/infermeriabalear.com\/es\/wp-json\/wp\/v2\/posts"}],"about":[{"href":"https:\/\/infermeriabalear.com\/es\/wp-json\/wp\/v2\/types\/post"}],"author":[{"embeddable":true,"href":"https:\/\/infermeriabalear.com\/es\/wp-json\/wp\/v2\/users\/19"}],"replies":[{"embeddable":true,"href":"https:\/\/infermeriabalear.com\/es\/wp-json\/wp\/v2\/comments?post=36294"}],"version-history":[{"count":5,"href":"https:\/\/infermeriabalear.com\/es\/wp-json\/wp\/v2\/posts\/36294\/revisions"}],"predecessor-version":[{"id":36300,"href":"https:\/\/infermeriabalear.com\/es\/wp-json\/wp\/v2\/posts\/36294\/revisions\/36300"}],"wp:featuredmedia":[{"embeddable":true,"href":"https:\/\/infermeriabalear.com\/es\/wp-json\/wp\/v2\/media\/36295"}],"wp:attachment":[{"href":"https:\/\/infermeriabalear.com\/es\/wp-json\/wp\/v2\/media?parent=36294"}],"wp:term":[{"taxonomy":"category","embeddable":true,"href":"https:\/\/infermeriabalear.com\/es\/wp-json\/wp\/v2\/categories?post=36294"},{"taxonomy":"post_tag","embeddable":true,"href":"https:\/\/infermeriabalear.com\/es\/wp-json\/wp\/v2\/tags?post=36294"}],"curies":[{"name":"wp","href":"https:\/\/api.w.org\/{rel}","templated":true}]}}