{"id":37213,"date":"2023-08-10T17:16:51","date_gmt":"2023-08-10T15:16:51","guid":{"rendered":"https:\/\/infermeriabalear.com\/?p=37213"},"modified":"2024-02-19T17:44:40","modified_gmt":"2024-02-19T16:44:40","slug":"alba-carrero-doctora-en-enfermeria-hay-que-ir-hacia-un-modelo-de-cuidados-a-los-mayores-mas-centrado-en-las-personas-y-libre-de-contenciones-fisicas","status":"publish","type":"post","link":"https:\/\/infermeriabalear.com\/es\/2023\/08\/10\/alba-carrero-doctora-en-enfermeria-hay-que-ir-hacia-un-modelo-de-cuidados-a-los-mayores-mas-centrado-en-las-personas-y-libre-de-contenciones-fisicas\/","title":{"rendered":"Alba Carrero, doctora en Enfermer\u00eda:  \u00abHay que ir hacia un modelo de cuidados a los mayores m\u00e1s centrado en las personas y libre de contenciones f\u00edsicas\u00bb"},"content":{"rendered":"<p>Alba Carrero, doctora en Enfermer\u00eda, ha presentado recientemente su tesis doctoral \u201cLa cultura de la contenci\u00f3n f\u00edsica en el paciente geri\u00e1trico: perspectiva de los profesionales sanitarios de los hospitales de atenci\u00f3n intermedia en Mallorca\u201d, en la que analiza c\u00f3mo ven los sanitarios el uso de esas contenciones, que generalmente se utilizan como un dispositivo que se entiende de seguridad para el propio paciente, especialmente para evitar ca\u00eddas. En su tesis Carrero ha estudiado cu\u00e1l es discurso de los profesionales sobre esta pr\u00e1ctica, y recoge la evidencia que la desaconseja as\u00ed como las alternativas que proponen los estudios para avanzar hacia su retirada: cambiar el modelo de cuidados, el modo de ver a las personas mayores para saber qu\u00e9 les lleva a levantarse, a desorientarse y ayudarle tratando esa causa.<\/p>\n<p>Salut i For\u00e7a ha entrevistado a Alba para conocer m\u00e1s sobre las conclusiones de su tesis doctoral. <strong>Lee la entrevista completa <a href=\"https:\/\/t.co\/DcpihDiIaI\" target=\"_blank\" rel=\"noopener\">AQU\u00cd<\/a><\/strong><\/p>\n<blockquote><p>La investigaci\u00f3n ha contado con el apoyo econ\u00f3mico del COIBA a trav\u00e9s de las Ayudas a Proyectos de Investigaci\u00f3n, que tienen el objetivo de fomentar la investigaci\u00f3n enfermera para permitir que este colectivo y otros profesionales de la salud desarrollen una pr\u00e1ctica profesional y una toma de decisiones basadas en la mejor evidencia cient\u00edfica.<\/p><\/blockquote>\n","protected":false},"excerpt":{"rendered":"<p>Alba Carrero, doctora en Enfermer\u00eda, ha presentado recientemente su tesis doctoral \u201cLa cultura de la contenci\u00f3n f\u00edsica en el paciente&#8230;<\/p>\n","protected":false},"author":19,"featured_media":37214,"comment_status":"open","ping_status":"closed","sticky":false,"template":"","format":"standard","meta":{"footnotes":""},"categories":[376,315],"tags":[1135,609],"class_list":["post-37213","post","type-post","status-publish","format-standard","has-post-thumbnail","hentry","category-noticias-destacadas-2columna","category-noticias","tag-conctenciones","tag-doctorado"],"_links":{"self":[{"href":"https:\/\/infermeriabalear.com\/es\/wp-json\/wp\/v2\/posts\/37213","targetHints":{"allow":["GET"]}}],"collection":[{"href":"https:\/\/infermeriabalear.com\/es\/wp-json\/wp\/v2\/posts"}],"about":[{"href":"https:\/\/infermeriabalear.com\/es\/wp-json\/wp\/v2\/types\/post"}],"author":[{"embeddable":true,"href":"https:\/\/infermeriabalear.com\/es\/wp-json\/wp\/v2\/users\/19"}],"replies":[{"embeddable":true,"href":"https:\/\/infermeriabalear.com\/es\/wp-json\/wp\/v2\/comments?post=37213"}],"version-history":[{"count":3,"href":"https:\/\/infermeriabalear.com\/es\/wp-json\/wp\/v2\/posts\/37213\/revisions"}],"predecessor-version":[{"id":37217,"href":"https:\/\/infermeriabalear.com\/es\/wp-json\/wp\/v2\/posts\/37213\/revisions\/37217"}],"wp:featuredmedia":[{"embeddable":true,"href":"https:\/\/infermeriabalear.com\/es\/wp-json\/wp\/v2\/media\/37214"}],"wp:attachment":[{"href":"https:\/\/infermeriabalear.com\/es\/wp-json\/wp\/v2\/media?parent=37213"}],"wp:term":[{"taxonomy":"category","embeddable":true,"href":"https:\/\/infermeriabalear.com\/es\/wp-json\/wp\/v2\/categories?post=37213"},{"taxonomy":"post_tag","embeddable":true,"href":"https:\/\/infermeriabalear.com\/es\/wp-json\/wp\/v2\/tags?post=37213"}],"curies":[{"name":"wp","href":"https:\/\/api.w.org\/{rel}","templated":true}]}}