{"id":38207,"date":"2024-04-26T15:48:32","date_gmt":"2024-04-26T13:48:32","guid":{"rendered":"https:\/\/infermeriabalear.com\/?p=38207"},"modified":"2024-04-26T15:49:02","modified_gmt":"2024-04-26T13:49:02","slug":"reunion-con-la-consellera-dafers-socials-para-abordar-la-falta-de-enfermeras-en-residencias-de-ibiza-y-el-reconocimiento-de-la-especialidad-de-geriatria","status":"publish","type":"post","link":"https:\/\/infermeriabalear.com\/es\/2024\/04\/26\/reunion-con-la-consellera-dafers-socials-para-abordar-la-falta-de-enfermeras-en-residencias-de-ibiza-y-el-reconocimiento-de-la-especialidad-de-geriatria\/","title":{"rendered":"Reuni\u00f3n con la consellera de Afers Socials sobre la falta de enfermeras en residencias de Ibiza y el reconocimiento de la especialidad de Geriatr\u00eda"},"content":{"rendered":"<p><img loading=\"lazy\" decoding=\"async\" class=\"wp-image-38232 alignright\" src=\"https:\/\/infermeriabalear.com\/wp-content\/uploads\/2024\/04\/Reunio-consellera-Afers-Socials-3.jpeg\" alt=\"\" width=\"526\" height=\"394\" \/><\/p>\n<p>La presidenta del COIBA y la coordinadora de la Comisi\u00f3n de Cuidados a Personas Mayores, Maria Jos\u00e9 Sastre y Silvia Garc\u00eda, se han reunido con la consellera de Fam\u00edlies i Afers Socials, Catalina Cirer, y el director general de Atenci\u00f3 a la Depend\u00e8ncia, Pedro Codes. Un primer encuentro en la cual se ha ofrecido la colaboraci\u00f3n y participaci\u00f3n del Colegio en todos los temas relacionados con el ciudado de personas mayores y\/o en situaci\u00f3n de vulnerabilidad, y se ha mostrado la disposici\u00f3n por ambas para establecer una comunicaci\u00f3n fluida.<\/p>\n<p>Entre las cuestiones tratadas, desde el\u00a0COIBA\u00a0se ha trasladado la preocupaci\u00f3n por la falta de enfermeras en las residencias de Ibiza. Baleares tiene una de las ratios de enfermeras m\u00e1s bajas de Espa\u00f1a, muy lejos de la media de la OCDE (10,24 enfermeras por cada mil habitantes); un problema que en las residencias todav\u00eda es m\u00e1s preocupante, con una enfermera para cada 80-100 usuarios. Es necesario aumentar las ratios y desarrollar un plan de adecuaci\u00f3n de plantillas progresivo que contemple acciones como incrementar la inversi\u00f3n en la mejora de la estabilidad y condiciones laborales, y trabajar junto a otras conseller\u00edas para dar respuesta a la situaci\u00f3n de la vivienda. Un plan que se debe enfocar especialmente en contar con enfermeras especialistas en Geriatr\u00eda mediante la reconversi\u00f3n gradual de las plazas de generalistas en especialistas, una convocatoria de oferta p\u00fablica de empleo espec\u00edfica para especialistas y un plan de fidelizaci\u00f3n para residentes La incorporaci\u00f3n de los perfiles de especialistas supone un valor a\u00f1adido para conseguir la excelencia en los cuidados, mejorar la calidad y dar una atenci\u00f3n integrar. Las enfermeras especialistas en Geriatr\u00eda est\u00e1n capacitadas no solo para ofrecer estos cuidados, tambi\u00e9n para liderar y gestionar una atenci\u00f3n de calidad.<\/p>\n<p>La presidenta del\u00a0COIBA\u00a0tambi\u00e9n ha pedido m\u00e1xima colaboraci\u00f3n para garantizar una atenci\u00f3n de calidad y luchar contra el intrusismo, que pone en peligro la seguridad de los usuarios. Las personas mayores requieren de una atenci\u00f3n cada vez m\u00e1s espec\u00edfica para atender sus necesidades individuales y colectivas, y tienen derecho a ser atendidas por profesionales cualificadas.<\/p>\n<p>Todo ello tiene que ir acompa\u00f1ado de un aumento de las plazas residenciales y de un cambio de modelo en las residencias. Hay que avanzar hacia una atenci\u00f3n centrada en la persona y el entorno comunitario.<\/p>\n<p>La coordinadora de la Comisi\u00f3n de Cuidados a Personas Mayores ha dado a conocer el canal de notificaciones de maltrato a personas mayores del\u00a0COIBA\u00a0y ha ofrecido la colaboraci\u00f3n total del\u00a0Colegio\u00a0en este asunto para reforzar las acciones de prevenci\u00f3n y detecci\u00f3n. Es un grave problema muy poco visible que seg\u00fan la OMS afecta a 15,7% de las personas de 60 a\u00f1os y m\u00e1s. Del mismo modo que tambi\u00e9n lo es la soledad que viven muchos de ellos a diario, y por lo cual en esta reuni\u00f3n tambi\u00e9n se ha abordado la necesidad de llevar adelante un plan de prevenci\u00f3n de la soledad. Esta puede tener una serie de consecuencias negativas tanto a nivel f\u00edsico como emocional y mental, aumenta la discapacidad, problemas de salud mental y el deterioro cognitivo.<\/p>\n","protected":false},"excerpt":{"rendered":"<p>La presidenta del COIBA y la coordinadora de la Comisi\u00f3n de Cuidados a Personas Mayores, Maria Jos\u00e9 Sastre y Silvia&#8230;<\/p>\n","protected":false},"author":19,"featured_media":38232,"comment_status":"open","ping_status":"closed","sticky":false,"template":"","format":"standard","meta":{"footnotes":""},"categories":[315],"tags":[],"class_list":["post-38207","post","type-post","status-publish","format-standard","has-post-thumbnail","hentry","category-noticias"],"_links":{"self":[{"href":"https:\/\/infermeriabalear.com\/es\/wp-json\/wp\/v2\/posts\/38207","targetHints":{"allow":["GET"]}}],"collection":[{"href":"https:\/\/infermeriabalear.com\/es\/wp-json\/wp\/v2\/posts"}],"about":[{"href":"https:\/\/infermeriabalear.com\/es\/wp-json\/wp\/v2\/types\/post"}],"author":[{"embeddable":true,"href":"https:\/\/infermeriabalear.com\/es\/wp-json\/wp\/v2\/users\/19"}],"replies":[{"embeddable":true,"href":"https:\/\/infermeriabalear.com\/es\/wp-json\/wp\/v2\/comments?post=38207"}],"version-history":[{"count":2,"href":"https:\/\/infermeriabalear.com\/es\/wp-json\/wp\/v2\/posts\/38207\/revisions"}],"predecessor-version":[{"id":38235,"href":"https:\/\/infermeriabalear.com\/es\/wp-json\/wp\/v2\/posts\/38207\/revisions\/38235"}],"wp:featuredmedia":[{"embeddable":true,"href":"https:\/\/infermeriabalear.com\/es\/wp-json\/wp\/v2\/media\/38232"}],"wp:attachment":[{"href":"https:\/\/infermeriabalear.com\/es\/wp-json\/wp\/v2\/media?parent=38207"}],"wp:term":[{"taxonomy":"category","embeddable":true,"href":"https:\/\/infermeriabalear.com\/es\/wp-json\/wp\/v2\/categories?post=38207"},{"taxonomy":"post_tag","embeddable":true,"href":"https:\/\/infermeriabalear.com\/es\/wp-json\/wp\/v2\/tags?post=38207"}],"curies":[{"name":"wp","href":"https:\/\/api.w.org\/{rel}","templated":true}]}}