{"id":38909,"date":"2024-06-19T13:41:27","date_gmt":"2024-06-19T11:41:27","guid":{"rendered":"https:\/\/infermeriabalear.com\/?p=38909"},"modified":"2024-06-21T13:12:53","modified_gmt":"2024-06-21T11:12:53","slug":"consell-insultar-deivissa-creacion-bolsa-de-trabajo-provision-urgente-de-plazas-de-caracter-interino-y-temporal-enfermeria","status":"publish","type":"post","link":"https:\/\/infermeriabalear.com\/es\/2024\/06\/19\/consell-insultar-deivissa-creacion-bolsa-de-trabajo-provision-urgente-de-plazas-de-caracter-interino-y-temporal-enfermeria\/","title":{"rendered":"CONSELL INSULAR D&#8217;EIVISSA: Creaci\u00f3n Bolsa de Trabajo-Provisi\u00f3n urgente de plazas, de car\u00e1cter interino y temporal (Enfermero\/a)"},"content":{"rendered":"<p><strong>BOIB 11\/06\/2024:<\/strong> Bases espec\u00edficas para la creaci\u00f3n de una bolsa de <strong>enfermeros\/enfermeras<\/strong>, personal laboral, grupo A, subgrupo A2, para cubrir interina o temporalmente, las posibles necesidades de provisi\u00f3n urgente de plazas y puestos de trabajo del Consell Insular d\u2019Eivissa<\/p>\n<blockquote><p>-Consultar Resoluci\u00f3n <span style=\"color: #76c8d1;\"><strong><a style=\"color: #76c8d1;\" href=\"https:\/\/infermeriabalear.com\/wp-content\/uploads\/2024\/06\/5648.pdf\" target=\"_blank\" rel=\"noopener\">BOIB<\/a><\/strong><\/span><\/p><\/blockquote>\n<p>&nbsp;<\/p>\n<p>-Presentaci\u00f3n de solicitudes: <strong>10 d\u00edas naturales,<\/strong> desde el d\u00eda siguiente de la fecha de publicaci\u00f3n de la convocatoria\u00a0<em> (hasta el 21 de junio de 2024)<\/em><\/p>\n<p>Las personas aspirantes que quieran tomar parte en el proceso selectivo deben presentar, por cada una de las categor\u00edas 3.1. a las que quieran presentarse, la correspondiente solicitud telem\u00e1ticamente en la <a href=\"https:\/\/conselldeivissa.convoca.online\/processDetail.html?id=e88e35f2-c58a-4abe-9930-08dc86db9b61&amp;type=1\" target=\"_blank\" rel=\"noopener\"><strong>Sede electr\u00f3nica del Consell Insular d&#8217;Eivissa,<\/strong><\/a> en el tr\u00e1mite Convocatorias y bolsa de ocupaci\u00f3n o en la Oficina de Atenci\u00f3n en Materia de Registro del Consell Insular d&#8217;Eivissa mediante cita previa en <strong><em>(<a href=\"https:\/\/citaprevia.conselldeivissa.es\/\" target=\"_blank\" rel=\"noopener\">https:\/\/citaprevia.conselldeivissa.es\/<\/a>)<\/em><\/strong><\/p>\n","protected":false},"excerpt":{"rendered":"<p>BOIB 11\/06\/2024: Bases espec\u00edficas para la creaci\u00f3n de una bolsa de enfermeros\/enfermeras, personal laboral, grupo A, subgrupo A2, para cubrir&#8230;<\/p>\n","protected":false},"author":14,"featured_media":24918,"comment_status":"open","ping_status":"closed","sticky":false,"template":"","format":"standard","meta":{"footnotes":""},"categories":[313],"tags":[400,1077,481,606],"class_list":["post-38909","post","type-post","status-publish","format-standard","has-post-thumbnail","hentry","category-concurso_opos","tag-bolsa","tag-consell-insular-deivissa","tag-convocatoria","tag-eivissa"],"_links":{"self":[{"href":"https:\/\/infermeriabalear.com\/es\/wp-json\/wp\/v2\/posts\/38909","targetHints":{"allow":["GET"]}}],"collection":[{"href":"https:\/\/infermeriabalear.com\/es\/wp-json\/wp\/v2\/posts"}],"about":[{"href":"https:\/\/infermeriabalear.com\/es\/wp-json\/wp\/v2\/types\/post"}],"author":[{"embeddable":true,"href":"https:\/\/infermeriabalear.com\/es\/wp-json\/wp\/v2\/users\/14"}],"replies":[{"embeddable":true,"href":"https:\/\/infermeriabalear.com\/es\/wp-json\/wp\/v2\/comments?post=38909"}],"version-history":[{"count":5,"href":"https:\/\/infermeriabalear.com\/es\/wp-json\/wp\/v2\/posts\/38909\/revisions"}],"predecessor-version":[{"id":38996,"href":"https:\/\/infermeriabalear.com\/es\/wp-json\/wp\/v2\/posts\/38909\/revisions\/38996"}],"wp:featuredmedia":[{"embeddable":true,"href":"https:\/\/infermeriabalear.com\/es\/wp-json\/wp\/v2\/media\/24918"}],"wp:attachment":[{"href":"https:\/\/infermeriabalear.com\/es\/wp-json\/wp\/v2\/media?parent=38909"}],"wp:term":[{"taxonomy":"category","embeddable":true,"href":"https:\/\/infermeriabalear.com\/es\/wp-json\/wp\/v2\/categories?post=38909"},{"taxonomy":"post_tag","embeddable":true,"href":"https:\/\/infermeriabalear.com\/es\/wp-json\/wp\/v2\/tags?post=38909"}],"curies":[{"name":"wp","href":"https:\/\/api.w.org\/{rel}","templated":true}]}}