{"id":39991,"date":"2024-09-09T12:15:42","date_gmt":"2024-09-09T10:15:42","guid":{"rendered":"https:\/\/infermeriabalear.com\/?p=39991"},"modified":"2024-09-12T11:09:04","modified_gmt":"2024-09-12T09:09:04","slug":"el-coiba-presenta-un-centenar-de-aportaciones-al-borrador-del-pacte-per-la-salut","status":"publish","type":"post","link":"https:\/\/infermeriabalear.com\/es\/2024\/09\/09\/el-coiba-presenta-un-centenar-de-aportaciones-al-borrador-del-pacte-per-la-salut\/","title":{"rendered":"Consulta las aportaciones del COIBA al Pacte per la Salut"},"content":{"rendered":"<p>El Col\u00b7legi Oficial d\u2019Infermeres i Infermers de les Illes Balears (COIBA) ha presentado un centenar de aportaciones al borrador del Pacte per la Salut de la Conselleria de Salut. Se proponen medidas que desde la Junta de Gobierno se han echado en falta, as\u00ed como mejoras a los puntos que ya se recogen. Todas ellas, cuestiones imprescindibles para poder realmente tener una estrategia que permita asegurar una atenci\u00f3n sanitaria de calidad para toda la ciudadan\u00eda, as\u00ed como para todos los colectivos de profesionales sanitarios, sin exclusiones.<\/p>\n<p>Adem\u00e1s, desde el COIBA se insiste en la necesidad de haber llevado a cabo un diagn\u00f3stico de la situaci\u00f3n actual de salud en las Islas Balear, as\u00ed como del sistema sanitario balear. Solo con un diagn\u00f3stico compartido, consensuado, amplio y con la participaci\u00f3n de todo el mundo, se garantizar\u00e1 que este pacto aborde realmente todas las necesidades en t\u00e9rminos de salud de la poblaci\u00f3n de las Islas Baleares. Tambi\u00e9n se apunta que el documento necesita m\u00e1s desarrollo, m\u00e1s medidas con evidencia y un calendario de ejecuci\u00f3n y evaluaciones de estas.<\/p>\n<p>El Colegio valora positivamente el proceso participativo y ha intervenido activamente en todos los grupos de trabajo que han permitido tener la base por despu\u00e9s crear el primer borrador. Posteriormente, desde la Conselleria se estableci\u00f3 un plazo para presentar las mencionadas aportaciones, las cuales se suman a las ya realizadas por los representantes del COIBA en las reuniones de los grupos de trabajo.<\/p>\n<p><strong>Pod\u00e9is consultar las aportaciones presentadas: <span style=\"color: #73c8d1;\"><a style=\"color: #73c8d1;\" href=\"https:\/\/infermeriabalear.com\/wp-content\/uploads\/2024\/09\/APORTACIONS-AL-PACTE-PER-LA-SALUT_COIBA.pdf\" target=\"_blank\" rel=\"noopener\">AQU\u00cd<\/a><\/span>.<\/strong><\/p>\n","protected":false},"excerpt":{"rendered":"<p>El Col\u00b7legi Oficial d\u2019Infermeres i Infermers de les Illes Balears (COIBA) ha presentado un centenar de aportaciones al borrador del&#8230;<\/p>\n","protected":false},"author":19,"featured_media":39993,"comment_status":"open","ping_status":"closed","sticky":false,"template":"","format":"standard","meta":{"footnotes":""},"categories":[315],"tags":[],"class_list":["post-39991","post","type-post","status-publish","format-standard","has-post-thumbnail","hentry","category-noticias"],"_links":{"self":[{"href":"https:\/\/infermeriabalear.com\/es\/wp-json\/wp\/v2\/posts\/39991","targetHints":{"allow":["GET"]}}],"collection":[{"href":"https:\/\/infermeriabalear.com\/es\/wp-json\/wp\/v2\/posts"}],"about":[{"href":"https:\/\/infermeriabalear.com\/es\/wp-json\/wp\/v2\/types\/post"}],"author":[{"embeddable":true,"href":"https:\/\/infermeriabalear.com\/es\/wp-json\/wp\/v2\/users\/19"}],"replies":[{"embeddable":true,"href":"https:\/\/infermeriabalear.com\/es\/wp-json\/wp\/v2\/comments?post=39991"}],"version-history":[{"count":2,"href":"https:\/\/infermeriabalear.com\/es\/wp-json\/wp\/v2\/posts\/39991\/revisions"}],"predecessor-version":[{"id":40082,"href":"https:\/\/infermeriabalear.com\/es\/wp-json\/wp\/v2\/posts\/39991\/revisions\/40082"}],"wp:featuredmedia":[{"embeddable":true,"href":"https:\/\/infermeriabalear.com\/es\/wp-json\/wp\/v2\/media\/39993"}],"wp:attachment":[{"href":"https:\/\/infermeriabalear.com\/es\/wp-json\/wp\/v2\/media?parent=39991"}],"wp:term":[{"taxonomy":"category","embeddable":true,"href":"https:\/\/infermeriabalear.com\/es\/wp-json\/wp\/v2\/categories?post=39991"},{"taxonomy":"post_tag","embeddable":true,"href":"https:\/\/infermeriabalear.com\/es\/wp-json\/wp\/v2\/tags?post=39991"}],"curies":[{"name":"wp","href":"https:\/\/api.w.org\/{rel}","templated":true}]}}