{"id":40075,"date":"2024-09-12T10:20:34","date_gmt":"2024-09-12T08:20:34","guid":{"rendered":"https:\/\/infermeriabalear.com\/?p=40075"},"modified":"2024-09-17T16:29:43","modified_gmt":"2024-09-17T14:29:43","slug":"el-coiba-presenta-un-centenar-de-aportaciones-al-borrador-del-pacte-per-la-salut-2","status":"publish","type":"post","link":"https:\/\/infermeriabalear.com\/es\/2024\/09\/12\/el-coiba-presenta-un-centenar-de-aportaciones-al-borrador-del-pacte-per-la-salut-2\/","title":{"rendered":"El COIBA\u00a0presenta un centenar de aportaciones al borrador del Pacte per la Salut"},"content":{"rendered":"<h5 style=\"text-align: center;\"><em>El Col\u00b7legi Oficial d\u2019Infermeres i Infermers de les Illes Balears (COIBA) valora positivamente el proceso participativo, pero insiste en que falta un diagn\u00f3stico de la salud de la poblaci\u00f3n y del sistema sanitario balear<\/em><\/h5>\n<p>&nbsp;<\/p>\n<p>El Col\u00b7legi Oficial d\u2019Infermeres i Infermers de les Illes Balears (COIBA) ha presentado un centenar de aportaciones al borrador del Pacte per la Salut presentado por la Conselleria de Salut de les Illes Balears en julio, y que hasta la semana pasada estaba abierto a la revisi\u00f3n por parte de las entidades participantes. <strong>\u201cNuestras aportaciones proponen medidas que hemos echado en falta en el primer borrador y mejoras a los puntos que ya se recogen; todas ellas imprescindibles para poder realmente tener una estrategia que permita asegurar una atenci\u00f3n sanitaria de calidad para toda la ciudadan\u00eda, as\u00ed como para todos los colectivos de profesionales sanitarios, sin exclusiones\u201d<\/strong>, ha explicado su presidenta, Maria Jos\u00e9 Sastre.<\/p>\n<p><span class=\"selectable-text copyable-text\">Adem\u00e1s, desde el\u00a0COIBA\u00a0se insiste en la necesidad de haber llevado a cabo un diagn\u00f3stico de la situaci\u00f3n actual de salud en las Islas Balear, as\u00ed como del sistema sanitario balear. <strong>\u201cCreemos que solo con un diagn\u00f3stico\u00a0compartido y consensuado, lo m\u00e1s amplio posible y con aportaciones de todo el mundo, se garantizar\u00e1 que este Pacte per la Salut aborde realmente todas las necesidades en t\u00e9rminos de salud de la poblaci\u00f3n balear<\/strong>\u201d, ha expuesto Sastre.<\/span><\/p>\n<p>El Colegio valora positivamente el proceso participativo y ya intervino activamente en todos los grupos de trabajo previos a contar con el borrador, el cual la Conselleria present\u00f3 en julio para abrirlo despu\u00e9s a un periodo de aportaciones por parte de las entidades participantes. Asimismo, el \u00f3rgano colegial muestra su disposici\u00f3n a continuar aportando mejoras a un documento que, para Sastre, <strong>\u201ctodav\u00eda necesita m\u00e1s desarrollo, contar con m\u00e1s medidas con evidencia y un calendario de ejecuci\u00f3n y evaluaciones de estas\u201d<\/strong>.<\/p>\n<p><strong>Principales aportaciones del\u00a0COIBA\u00a0al Pacte per la Salut<\/strong><\/p>\n<p>En concreto, en cuanto al cuidado, retenci\u00f3n y captaci\u00f3n de profesionales, el\u00a0COIBA\u00a0propone que se centre m\u00e1s en la realizaci\u00f3n de contratos de larga duraci\u00f3n que favorezcan la estabilidad, la revisi\u00f3n de los criterios de la bolsa \u00fanica y el desarrollo de las especialidades enfermeras.<\/p>\n<p>Tambi\u00e9n se han reclamado m\u00e1s medidas para mejorar las listas de espera, la accesibilidad y la atenci\u00f3n, especialmente en materia de cronicidad y personas mayores. Por ejemplo, se tiene que garantizar la accesibilidad telef\u00f3nica en los centros de salud, facilitar la comunicaci\u00f3n con los profesionales de atenci\u00f3n primaria y, ante los mencionados colectivos, favorecer que se unifiquen las citas en un mismo d\u00eda. Adem\u00e1s, en el caso concreto de las personas mayores, el\u00a0COIBA\u00a0considera que el Pacte tendr\u00eda que contemplar el desarrollo de un plan de prevenci\u00f3n de la soledad. En materia de salud mental, se ha echado en falta un objetivo que promueva la prevenci\u00f3n y promoci\u00f3n de la salud mental desde el \u00e1mbito comunitario.<\/p>\n<p>Por otra parte, desde el\u00a0COIBA\u00a0se propone incluir una nueva l\u00ednea de actuaci\u00f3n en el Pacte que trabaje la atenci\u00f3n de la salud\u00a0afectivo-sexual\u00a0y reproductiva. En esta, entre otras cuestiones,\u00a0propone recuperar el proyecto del centro de nacimientos y potenciar la lactancia materna como una apuesta de salud p\u00fablica.<\/p>\n<p><strong>Pod\u00e9is consultar las aportaciones presentadas: <span style=\"color: #73c8d1;\"><a style=\"color: #73c8d1;\" href=\"https:\/\/infermeriabalear.com\/wp-content\/uploads\/2024\/09\/APORTACIONS-AL-PACTE-PER-LA-SALUT_COIBA.pdf\" target=\"_blank\" rel=\"noopener\">AQU\u00cd<\/a><\/span>.<\/strong><\/p>\n","protected":false},"excerpt":{"rendered":"<p>El Col\u00b7legi Oficial d\u2019Infermeres i Infermers de les Illes Balears (COIBA) valora positivamente el proceso participativo, pero insiste en que&#8230;<\/p>\n","protected":false},"author":19,"featured_media":40084,"comment_status":"open","ping_status":"closed","sticky":false,"template":"","format":"standard","meta":{"footnotes":""},"categories":[315],"tags":[],"class_list":["post-40075","post","type-post","status-publish","format-standard","has-post-thumbnail","hentry","category-noticias"],"_links":{"self":[{"href":"https:\/\/infermeriabalear.com\/es\/wp-json\/wp\/v2\/posts\/40075","targetHints":{"allow":["GET"]}}],"collection":[{"href":"https:\/\/infermeriabalear.com\/es\/wp-json\/wp\/v2\/posts"}],"about":[{"href":"https:\/\/infermeriabalear.com\/es\/wp-json\/wp\/v2\/types\/post"}],"author":[{"embeddable":true,"href":"https:\/\/infermeriabalear.com\/es\/wp-json\/wp\/v2\/users\/19"}],"replies":[{"embeddable":true,"href":"https:\/\/infermeriabalear.com\/es\/wp-json\/wp\/v2\/comments?post=40075"}],"version-history":[{"count":6,"href":"https:\/\/infermeriabalear.com\/es\/wp-json\/wp\/v2\/posts\/40075\/revisions"}],"predecessor-version":[{"id":40081,"href":"https:\/\/infermeriabalear.com\/es\/wp-json\/wp\/v2\/posts\/40075\/revisions\/40081"}],"wp:featuredmedia":[{"embeddable":true,"href":"https:\/\/infermeriabalear.com\/es\/wp-json\/wp\/v2\/media\/40084"}],"wp:attachment":[{"href":"https:\/\/infermeriabalear.com\/es\/wp-json\/wp\/v2\/media?parent=40075"}],"wp:term":[{"taxonomy":"category","embeddable":true,"href":"https:\/\/infermeriabalear.com\/es\/wp-json\/wp\/v2\/categories?post=40075"},{"taxonomy":"post_tag","embeddable":true,"href":"https:\/\/infermeriabalear.com\/es\/wp-json\/wp\/v2\/tags?post=40075"}],"curies":[{"name":"wp","href":"https:\/\/api.w.org\/{rel}","templated":true}]}}