{"id":45771,"date":"2025-11-27T10:48:09","date_gmt":"2025-11-27T09:48:09","guid":{"rendered":"https:\/\/infermeriabalear.com\/?p=45771"},"modified":"2025-11-27T12:02:25","modified_gmt":"2025-11-27T11:02:25","slug":"entrega-de-premios-del-concurso-de-dibujo-infantil-del-coiba-un-dia-sin-pantallas-para-el-calendario-2026","status":"publish","type":"post","link":"https:\/\/infermeriabalear.com\/es\/2025\/11\/27\/entrega-de-premios-del-concurso-de-dibujo-infantil-del-coiba-un-dia-sin-pantallas-para-el-calendario-2026\/","title":{"rendered":"Entrega de premios del concurso de dibujo infantil del COIBA para el calendario 2026"},"content":{"rendered":"<p><img loading=\"lazy\" decoding=\"async\" class=\" wp-image-45773 aligncenter\" src=\"https:\/\/infermeriabalear.com\/wp-content\/uploads\/2025\/11\/Entrega-premis-concurs-dibuix-2025-1-scaled-e1764155415790.jpeg\" alt=\"\" width=\"742\" height=\"419\" srcset=\"https:\/\/infermeriabalear.com\/wp-content\/uploads\/2025\/11\/Entrega-premis-concurs-dibuix-2025-1-scaled-e1764155415790.jpeg 1920w, https:\/\/infermeriabalear.com\/wp-content\/uploads\/2025\/11\/Entrega-premis-concurs-dibuix-2025-1-scaled-e1764155415790-300x169.jpeg 300w, https:\/\/infermeriabalear.com\/wp-content\/uploads\/2025\/11\/Entrega-premis-concurs-dibuix-2025-1-scaled-e1764155415790-400x226.jpeg 400w, https:\/\/infermeriabalear.com\/wp-content\/uploads\/2025\/11\/Entrega-premis-concurs-dibuix-2025-1-scaled-e1764155415790-768x434.jpeg 768w, https:\/\/infermeriabalear.com\/wp-content\/uploads\/2025\/11\/Entrega-premis-concurs-dibuix-2025-1-scaled-e1764155415790-1536x867.jpeg 1536w, https:\/\/infermeriabalear.com\/wp-content\/uploads\/2025\/11\/Entrega-premis-concurs-dibuix-2025-1-scaled-e1764155415790-18x10.jpeg 18w\" sizes=\"auto, (max-width: 742px) 100vw, 742px\" \/><\/p>\n<p>Esta semana se ha celebrado la entrega de premios del VI Concurso de Dibujo Infantil del COIBA sobre \u2018Un d\u00eda sin pantallas\u2019 para el calendario del a\u00f1o que viene. Los dibujos ganadores de esta edici\u00f3n han sido de los j\u00f3venes artistas: Carla Bonn\u00edn Garau (categor\u00eda A), Emilio Jos\u00e9 \u00c1lvarez Polo (categor\u00eda B) e Irina D\u00edez Jim\u00e9nez y Magdalena Darder Bonn\u00edn (premios ex aequo de la categor\u00eda C).<\/p>\n<p>Como cada a\u00f1o, el premio para los ganadores de las tres categor\u00edas ha sido una bicicleta y un vale para adquirir productos relacionados con la salud y el deporte. Adem\u00e1s, hemos querido agradecer la participaci\u00f3n y esfuerzo de todos los peque\u00f1os\/as que presentaron sus dibujos envi\u00e1ndoles un vale para comprar libros o cuentos.<\/p>\n<p><img loading=\"lazy\" decoding=\"async\" class=\" wp-image-45792 aligncenter\" src=\"https:\/\/infermeriabalear.com\/wp-content\/uploads\/2025\/11\/WhatsApp-Image-2025-11-27-at-10.15.59.jpeg\" alt=\"\" width=\"745\" height=\"559\" srcset=\"https:\/\/infermeriabalear.com\/wp-content\/uploads\/2025\/11\/WhatsApp-Image-2025-11-27-at-10.15.59.jpeg 1600w, https:\/\/infermeriabalear.com\/wp-content\/uploads\/2025\/11\/WhatsApp-Image-2025-11-27-at-10.15.59-300x225.jpeg 300w, https:\/\/infermeriabalear.com\/wp-content\/uploads\/2025\/11\/WhatsApp-Image-2025-11-27-at-10.15.59-400x300.jpeg 400w, https:\/\/infermeriabalear.com\/wp-content\/uploads\/2025\/11\/WhatsApp-Image-2025-11-27-at-10.15.59-768x576.jpeg 768w, https:\/\/infermeriabalear.com\/wp-content\/uploads\/2025\/11\/WhatsApp-Image-2025-11-27-at-10.15.59-1536x1152.jpeg 1536w, https:\/\/infermeriabalear.com\/wp-content\/uploads\/2025\/11\/WhatsApp-Image-2025-11-27-at-10.15.59-16x12.jpeg 16w\" sizes=\"auto, (max-width: 745px) 100vw, 745px\" \/><\/p>\n<p>En dos peque\u00f1os actos en Ibiza y en Palma, la presidenta del COIBA, Maria Jos\u00e9 Sastre, y la presidenta de la Junta Insular de Ibiza y Formentera, M\u00f2nica Yern, han hecho entrega de los premios a los cuatro ganadores. Adem\u00e1s, como ya es tradici\u00f3n, en la sede de Palma con este acto se ha dado por inaugurada la exposici\u00f3n de todos los dibujos presentados en esta edici\u00f3n.<\/p>\n<p><strong>Calendario COIBA 2026<\/strong><\/p>\n<p>Adem\u00e1s de los 4 dibujos ganadores, un total de 12 dibujos han sido elegidos para ilustrar el ya tradicional calendario COIBA para el 2026 que distribuimos por los diferentes centros sanitarios de Baleares, y que ya estamos preparando. Adem\u00e1s, quedar\u00e1n disponibles lotes en las tres sedes del COIBA por si alg\u00fan colegiado o colegiada quiere acercarse a recoger uno.<\/p>\n<p>El tema de este a\u00f1o para el concurso y el calendario ha sido \u2018Un d\u00eda sin pantallas\u2019. Este a\u00f1o m\u00e1s de 60 hijos e hijas de colegiados y colegiadas a trav\u00e9s de sus dibujos nos han propuesto planes alejados de las pantallas, record\u00e1ndonos como un d\u00eda sin pantallas puede convertirse en un d\u00eda lleno de experiencias reales y memorables.<\/p>\n<p>Los peque\u00f1os y peque\u00f1as de entre 4 a 12 a\u00f1os con sus dibujos nos han ayudado a concienciar sobre el valor de desconectar del mundo digital para reconectar con lo que de verdad importa: el juego, la naturaleza, la familia, los amigos.<\/p>\n<p style=\"text-align: center;\"><em><strong>\u00a1Ya est\u00e1n todos los dibujos expuestos en la sede del COIBA de Palma!<\/strong><\/em><\/p>\n<p>Desde hoy, ya os pod\u00e9is acercar a ver la exposici\u00f3n de todos los dibujos que se presentaron a esta edici\u00f3n del concurso y que decoran las paredes de nuestra sede de Palma.<\/p>\n<p><img loading=\"lazy\" decoding=\"async\" class=\" wp-image-45793 aligncenter\" src=\"https:\/\/infermeriabalear.com\/wp-content\/uploads\/2025\/11\/WhatsApp-Image-2025-11-27-at-10.22.20-scaled.jpeg\" alt=\"\" width=\"742\" height=\"557\" srcset=\"https:\/\/infermeriabalear.com\/wp-content\/uploads\/2025\/11\/WhatsApp-Image-2025-11-27-at-10.22.20-scaled.jpeg 2560w, https:\/\/infermeriabalear.com\/wp-content\/uploads\/2025\/11\/WhatsApp-Image-2025-11-27-at-10.22.20-300x225.jpeg 300w, https:\/\/infermeriabalear.com\/wp-content\/uploads\/2025\/11\/WhatsApp-Image-2025-11-27-at-10.22.20-400x300.jpeg 400w, https:\/\/infermeriabalear.com\/wp-content\/uploads\/2025\/11\/WhatsApp-Image-2025-11-27-at-10.22.20-768x576.jpeg 768w, https:\/\/infermeriabalear.com\/wp-content\/uploads\/2025\/11\/WhatsApp-Image-2025-11-27-at-10.22.20-1536x1152.jpeg 1536w, https:\/\/infermeriabalear.com\/wp-content\/uploads\/2025\/11\/WhatsApp-Image-2025-11-27-at-10.22.20-2048x1536.jpeg 2048w, https:\/\/infermeriabalear.com\/wp-content\/uploads\/2025\/11\/WhatsApp-Image-2025-11-27-at-10.22.20-16x12.jpeg 16w\" sizes=\"auto, (max-width: 742px) 100vw, 742px\" \/><\/p>\n<p style=\"text-align: center;\"><strong>Ganadores:<\/strong><\/p>\n<p style=\"text-align: center;\">Categor\u00eda A: de 4 a 6 a\u00f1os \u2013 Carla Bonn\u00edn Garau (6 a\u00f1os)<\/p>\n<p style=\"text-align: center;\">Categor\u00eda A: de 6 a 9 a\u00f1os \u2013 Emilio Jos\u00e9 \u00c1lvarez Polo (9 a\u00f1os)<\/p>\n<p style=\"text-align: center;\">Categor\u00eda C: de 10 a 12 a\u00f1os \u2013 premios ex aequo: Irina D\u00edez Jim\u00e9nez (11 a\u00f1os) y Magdalena Darder Bonn\u00edn (12 a\u00f1os).<\/p>\n<p style=\"text-align: center;\"><strong>Otros dibujos seleccionados para el calendario:<\/strong><\/p>\n<p style=\"text-align: center;\">Delia Capllonch Bibiloni (4 a\u00f1os)<\/p>\n<p style=\"text-align: center;\">Isabel Ramis de Ayreflor Miralles (12 a\u00f1os)<\/p>\n<p style=\"text-align: center;\">Nuria B\u00e9jar Gonz\u00e1lez (7 a\u00f1os)<\/p>\n<p style=\"text-align: center;\">Carla Bonn\u00edn Garau (6 a\u00f1os)<\/p>\n<p style=\"text-align: center;\">Bernat Gonz\u00e1lvez Miranda (8 a\u00f1os)<\/p>\n<p style=\"text-align: center;\">Ona P\u00e9rez Martos (4 a\u00f1os)<\/p>\n<p style=\"text-align: center;\">Nadia Cardis (8 a\u00f1os)<\/p>\n<p style=\"text-align: center;\">Paula Roca Bisbal (10 a\u00f1os)<\/p>\n<p>&nbsp;<\/p>\n","protected":false},"excerpt":{"rendered":"<p>Esta semana se ha celebrado la entrega de premios del VI Concurso de Dibujo Infantil del COIBA sobre \u2018Un d\u00eda&#8230;<\/p>\n","protected":false},"author":19,"featured_media":45773,"comment_status":"open","ping_status":"closed","sticky":false,"template":"","format":"standard","meta":{"footnotes":""},"categories":[315,370],"tags":[620,619,952],"class_list":["post-45771","post","type-post","status-publish","format-standard","has-post-thumbnail","hentry","category-noticias","category-noticias-destacadas","tag-calendario","tag-concurso-de-dibujo","tag-dibujo"],"_links":{"self":[{"href":"https:\/\/infermeriabalear.com\/es\/wp-json\/wp\/v2\/posts\/45771","targetHints":{"allow":["GET"]}}],"collection":[{"href":"https:\/\/infermeriabalear.com\/es\/wp-json\/wp\/v2\/posts"}],"about":[{"href":"https:\/\/infermeriabalear.com\/es\/wp-json\/wp\/v2\/types\/post"}],"author":[{"embeddable":true,"href":"https:\/\/infermeriabalear.com\/es\/wp-json\/wp\/v2\/users\/19"}],"replies":[{"embeddable":true,"href":"https:\/\/infermeriabalear.com\/es\/wp-json\/wp\/v2\/comments?post=45771"}],"version-history":[{"count":8,"href":"https:\/\/infermeriabalear.com\/es\/wp-json\/wp\/v2\/posts\/45771\/revisions"}],"predecessor-version":[{"id":45800,"href":"https:\/\/infermeriabalear.com\/es\/wp-json\/wp\/v2\/posts\/45771\/revisions\/45800"}],"wp:featuredmedia":[{"embeddable":true,"href":"https:\/\/infermeriabalear.com\/es\/wp-json\/wp\/v2\/media\/45773"}],"wp:attachment":[{"href":"https:\/\/infermeriabalear.com\/es\/wp-json\/wp\/v2\/media?parent=45771"}],"wp:term":[{"taxonomy":"category","embeddable":true,"href":"https:\/\/infermeriabalear.com\/es\/wp-json\/wp\/v2\/categories?post=45771"},{"taxonomy":"post_tag","embeddable":true,"href":"https:\/\/infermeriabalear.com\/es\/wp-json\/wp\/v2\/tags?post=45771"}],"curies":[{"name":"wp","href":"https:\/\/api.w.org\/{rel}","templated":true}]}}