{"id":45991,"date":"2025-12-18T12:23:59","date_gmt":"2025-12-18T11:23:59","guid":{"rendered":"https:\/\/infermeriabalear.com\/?p=45991"},"modified":"2025-12-18T12:23:59","modified_gmt":"2025-12-18T11:23:59","slug":"asamblea-general-del-cge-2025-temas-tratados-y-votaciones-del-coiba","status":"publish","type":"post","link":"https:\/\/infermeriabalear.com\/es\/2025\/12\/18\/asamblea-general-del-cge-2025-temas-tratados-y-votaciones-del-coiba\/","title":{"rendered":"Asamblea General del CGE 2025: temas tratados y votaciones del COIBA"},"content":{"rendered":"<p><img loading=\"lazy\" decoding=\"async\" class=\" wp-image-46003 aligncenter\" src=\"https:\/\/infermeriabalear.com\/wp-content\/uploads\/2025\/12\/Planilla-general_web-IG-3.png\" alt=\"\" width=\"661\" height=\"372\" srcset=\"https:\/\/infermeriabalear.com\/wp-content\/uploads\/2025\/12\/Planilla-general_web-IG-3.png 1100w, https:\/\/infermeriabalear.com\/wp-content\/uploads\/2025\/12\/Planilla-general_web-IG-3-300x169.png 300w, https:\/\/infermeriabalear.com\/wp-content\/uploads\/2025\/12\/Planilla-general_web-IG-3-400x225.png 400w, https:\/\/infermeriabalear.com\/wp-content\/uploads\/2025\/12\/Planilla-general_web-IG-3-768x432.png 768w, https:\/\/infermeriabalear.com\/wp-content\/uploads\/2025\/12\/Planilla-general_web-IG-3-18x10.png 18w\" sizes=\"auto, (max-width: 661px) 100vw, 661px\" \/><\/p>\n<p>Este martes 16 de diciembre de 2024 se han reunido todos los presidentes de los colegios provinciales y auton\u00f3micos en la Asamblea General Ordinaria del\u00a0Consejo\u00a0General de\u00a0Enfermer\u00eda\u00a0(CGE). La presidenta del COIBA, Maria Jos\u00e9 Sastre, ha viajado hasta Madrid para asistir al encuentro en representaci\u00f3n de las enfermeras de Baleares y sus intereses, as\u00ed como para reclamar una mayor transparencia en las acciones y cuentas del Consejo.<\/p>\n<p>Siguiendo nuestro compromiso con la transparencia, se detallan a continuaci\u00f3n los temas tratados en dicha reuni\u00f3n, los votos de la presidenta en cada punto del orden del d\u00eda y la justificaci\u00f3n de los mismos:<\/p>\n<p><strong>&#8211; Lectura y aprobaci\u00f3n del acta de la sesi\u00f3n anterior.<\/strong><\/p>\n<p>A FAVOR. El acta recoge correctamente las votaciones de COIBA, as\u00ed como la intervenci\u00f3n de la presidenta.<\/p>\n<p><strong>&#8211; Informe del presidente: <\/strong>el presidente del CGE, Florentino P\u00e9rez, realiz\u00f3 un repaso de las acciones desarrolladas durante el \u00faltimo a\u00f1o y de las inversiones en investigaci\u00f3n, formaci\u00f3n y solidaridad. Entre otras cuestiones, tambi\u00e9n se destac\u00f3 la actualizaci\u00f3n del c\u00f3digo deontol\u00f3gico y la actividad institucional, formativa y de visibilidad desarrollada. Asimismo, dio cuenta del estado de diversos procedimientos judiciales y detall\u00f3 las actuaciones llevadas a cabo para la defensa de competencias profesionales, como la prescripci\u00f3n y otros \u00e1mbitos de pr\u00e1ctica.<\/p>\n<p><strong>&#8211; <\/strong><strong>Proyecto de Resoluci\u00f3n por la que se aprueba el nuevo C\u00f3digo \u00c9tico y Deontol\u00f3gico de la Enfermera Espa\u00f1ola.<\/strong> La presidenta de la Comisi\u00f3n Deontol\u00f3gica Nacional de Enfermer\u00eda del CGE, la Dra. Tayra Velasco Sanz, detall\u00f3 el proceso.<\/p>\n<p>A FAVOR. La elaboraci\u00f3n del nuevo c\u00f3digo deontol\u00f3gico era una necesidad urgente. La actualizaci\u00f3n ha sido un proceso participativo que se inici\u00f3 con la revisi\u00f3n de c\u00f3digos nacionales e internacionales y que ha contado con las aportaciones de las juntas de los colegios, las comisiones deontol\u00f3gicas de todos los colegios provinciales y de la ciudadan\u00eda.<\/p>\n<p><strong>&#8211; <\/strong><strong>Proyecto de Resoluci\u00f3n por la que se establecen criterios de actuaci\u00f3n en el \u00e1mbito de la colegiaci\u00f3n \u00fanica de los enfermeros y enfermeras, de acuerdo con la normativa aplicable.<\/strong><\/p>\n<p><strong><img loading=\"lazy\" decoding=\"async\" class=\"wp-image-46004 alignright\" src=\"https:\/\/infermeriabalear.com\/wp-content\/uploads\/2025\/12\/WhatsApp-Image-2025-12-18-at-09.52.50.jpeg\" alt=\"\" width=\"444\" height=\"330\" srcset=\"https:\/\/infermeriabalear.com\/wp-content\/uploads\/2025\/12\/WhatsApp-Image-2025-12-18-at-09.52.50.jpeg 1844w, https:\/\/infermeriabalear.com\/wp-content\/uploads\/2025\/12\/WhatsApp-Image-2025-12-18-at-09.52.50-300x223.jpeg 300w, https:\/\/infermeriabalear.com\/wp-content\/uploads\/2025\/12\/WhatsApp-Image-2025-12-18-at-09.52.50-400x297.jpeg 400w, https:\/\/infermeriabalear.com\/wp-content\/uploads\/2025\/12\/WhatsApp-Image-2025-12-18-at-09.52.50-768x571.jpeg 768w, https:\/\/infermeriabalear.com\/wp-content\/uploads\/2025\/12\/WhatsApp-Image-2025-12-18-at-09.52.50-1536x1142.jpeg 1536w, https:\/\/infermeriabalear.com\/wp-content\/uploads\/2025\/12\/WhatsApp-Image-2025-12-18-at-09.52.50-16x12.jpeg 16w\" sizes=\"auto, (max-width: 444px) 100vw, 444px\" \/><\/strong><\/p>\n<p>EN CONTRA. El documento no incorpora las mejoras necesarias para adecuarse a la realidad actual. Adem\u00e1s, consideramos que todos los documentos de relevancia que sean sometidos a aprobaci\u00f3n en Asamblea deben elaborarse mediante un proceso participativo, que garantice la implicaci\u00f3n de todos los colegios y permita la presentaci\u00f3n de aportaciones o enmiendas, asegurando as\u00ed una representaci\u00f3n efectiva.<\/p>\n<p><strong>&#8211; Presentaci\u00f3n de la liquidaci\u00f3n de cuentas y balance de situaci\u00f3n del presupuesto correspondiente al ejercicio 2024<\/strong><\/p>\n<p>EN CONTRA. No contamos con la informaci\u00f3n suficiente para poder apoyar la liquidaci\u00f3n de cuentas. La falta de detalle y desglose de las cuentas no nos permite realizar una valoraci\u00f3n adecuada. Un a\u00f1o m\u00e1s, echamos en falta un mayor detalle de las partidas y liquidaciones de sociedades y fundaciones, as\u00ed como incluir informaci\u00f3n sobre el destino de los fondos asignados a proyectos que finalmente no se han llevado a cabo.<\/p>\n<p>El a\u00f1o pasado ya solicitamos que se incluyeran las memorias de todas las fundaciones vinculadas al CGE as\u00ed como de la actividad de ISFOS. Esta informaci\u00f3n sigue sin ser p\u00fablica.<\/p>\n<p><strong>&#8211; Recomendaci\u00f3n para la fijaci\u00f3n de la cuota de la organizaci\u00f3n colegial (<\/strong>incluye la cuota del CGE, la del colegio y el pago del seguro de responsabilidad civil).<\/p>\n<p>EN CONTRA. En caso de que se considere necesaria una recomendaci\u00f3n de cuota, esta deber\u00eda elaborarse de manera consensuada, explicando claramente los criterios y el c\u00e1lculo en el que se basa. Desde el COIBA consideramos que cada colegio deber\u00eda fijar su propia cuota en funci\u00f3n de su actividad y servicios. Adem\u00e1s, la cuant\u00eda que propone el CGE por colegiado y mes <strong>(<\/strong>19\u201952\u20ac) supondr\u00eda un incremento de 3 euros\/mes para las colegiadas de Baleares (actualmente es de 16\u201940\u20ac al mes).<\/p>\n<p><strong>&#8211; Fijaci\u00f3n equitativa de las aportaciones de los colegios provinciales al CGE.<\/strong> La parte de la cuota de cada colegiado que se destina al\u00a0CGE desde hace a\u00f1os est\u00e1 fijada en 4,52\u20ac.<\/p>\n<p>EN CONTRA. Reclamamos que se realice un estudio para actualizar y \u00a0reducir esta cuota. Esta debe fijarse de acuerdo a las necesidades y actividades previstas, y por lo tanto debe ser flexible y revisable peri\u00f3dicamente.<\/p>\n<p><strong>&#8211; Regulaci\u00f3n del certificado de ingreso en la organizaci\u00f3n colegial. <\/strong><\/p>\n<p>A FAVOR. Estamos a favor de que se mantenga el 100% de la bonificaci\u00f3n del certificado de ingreso en la organizaci\u00f3n colegial nacional.<\/p>\n<p><strong>\u00a0&#8211; <\/strong><strong>Presupuesto de ingresos y gastos del <\/strong><strong>CGE<\/strong><strong>\u00a0<\/strong><strong>para el ejercicio del a<\/strong><strong>\u00f1<\/strong><strong>o 2026.<\/strong><\/p>\n<p><strong>\u00a0<\/strong>EN CONTRA. No hemos apoyado la previsi\u00f3n presupuestaria propuesta para el pr\u00f3ximo ejercicio debido a la falta de informaci\u00f3n y al insuficiente desglose de las partidas de ingresos y gastos, incluyendo todos los \u00f3rganos y actividades del CGE, tal y como establece el art\u00edculo 46.1 de sus Estatutos.<\/p>\n<p>Consideramos imprescindible que el presupuesto vaya acompa\u00f1ado de un plan estrat\u00e9gico que incluya objetivos, actuaciones, indicadores y, a partir de ello, una estimaci\u00f3n de costes; solo la combinaci\u00f3n de ambos permite una previsi\u00f3n coherente y viable. Asimismo, es necesario un mayor detalle en determinadas partidas, especialmente en lo relativo a las retribuciones de la Junta Directiva, as\u00ed como mayor transparencia sobre las cuentas de las dos fundaciones, cuya informaci\u00f3n no ha sido facilitada por el presidente.<\/p>\n<p>Adem\u00e1s, las ayudas a la formaci\u00f3n contin\u00faan condicionadas a ISFOS. Tal como se ha se\u00f1alado en ejercicios anteriores, consideramos imprescindible reforzar la transparencia y la rendici\u00f3n de cuentas en todas las \u00e1reas.<\/p>\n<p><strong>Proyectos de resoluciones por las que se aprueban documentos marcos como elemento de referencia en la ordenaci\u00f3n del ejercicio profesional enfermero:<\/strong><\/p>\n<p><strong>&#8211; El CGE propone crear tres marcos de actuaci\u00f3n que sirvan como elementos de referencia en la ordenaci\u00f3n del ejercicio profesional enfermero en los \u00e1mbitos de los cuidados avanzados y gesti\u00f3n cl\u00ednica en acceso vascular y terapias de infusi\u00f3n; cuidados avanzados de Otorrinolaringolog\u00eda y Cirug\u00eda de Cabeza y Cuello; y cuidados avanzados de personas con alergia<\/strong><\/p>\n<p>ABSTENCI\u00d3N. En relaci\u00f3n con los cuidados avanzados, creemos que en determinados \u00e1mbitos es necesario avanzar primero con una normativa de car\u00e1cter nacional que regule y reconozca la figura de la Enfermera de Pr\u00e1ctica Avanzada (EPA), as\u00ed como aprobar un documento que defina de forma clara los objetivos y el desarrollo de esta pr\u00e1ctica.<\/p>\n<p>En lugar de centrarse \u00fanicamente en marcos generales, ser\u00eda m\u00e1s \u00fatil desarrollar gu\u00edas espec\u00edficas que orienten de manera concreta el ejercicio de las actuaciones enfermeras en los distintos entornos de trabajo.<\/p>\n","protected":false},"excerpt":{"rendered":"<p>Este martes 16 de diciembre de 2024 se han reunido todos los presidentes de los colegios provinciales y auton\u00f3micos en&#8230;<\/p>\n","protected":false},"author":19,"featured_media":46003,"comment_status":"open","ping_status":"closed","sticky":false,"template":"","format":"standard","meta":{"footnotes":""},"categories":[315,370],"tags":[646,534,947,946,1110,1111,647,945],"class_list":["post-45991","post","type-post","status-publish","format-standard","has-post-thumbnail","hentry","category-noticias","category-noticias-destacadas","tag-asamblea-general","tag-cge","tag-gastos","tag-ingresos","tag-plan","tag-plan-estrategico","tag-presupuestos","tag-transparencia"],"_links":{"self":[{"href":"https:\/\/infermeriabalear.com\/es\/wp-json\/wp\/v2\/posts\/45991","targetHints":{"allow":["GET"]}}],"collection":[{"href":"https:\/\/infermeriabalear.com\/es\/wp-json\/wp\/v2\/posts"}],"about":[{"href":"https:\/\/infermeriabalear.com\/es\/wp-json\/wp\/v2\/types\/post"}],"author":[{"embeddable":true,"href":"https:\/\/infermeriabalear.com\/es\/wp-json\/wp\/v2\/users\/19"}],"replies":[{"embeddable":true,"href":"https:\/\/infermeriabalear.com\/es\/wp-json\/wp\/v2\/comments?post=45991"}],"version-history":[{"count":1,"href":"https:\/\/infermeriabalear.com\/es\/wp-json\/wp\/v2\/posts\/45991\/revisions"}],"predecessor-version":[{"id":46005,"href":"https:\/\/infermeriabalear.com\/es\/wp-json\/wp\/v2\/posts\/45991\/revisions\/46005"}],"wp:featuredmedia":[{"embeddable":true,"href":"https:\/\/infermeriabalear.com\/es\/wp-json\/wp\/v2\/media\/46003"}],"wp:attachment":[{"href":"https:\/\/infermeriabalear.com\/es\/wp-json\/wp\/v2\/media?parent=45991"}],"wp:term":[{"taxonomy":"category","embeddable":true,"href":"https:\/\/infermeriabalear.com\/es\/wp-json\/wp\/v2\/categories?post=45991"},{"taxonomy":"post_tag","embeddable":true,"href":"https:\/\/infermeriabalear.com\/es\/wp-json\/wp\/v2\/tags?post=45991"}],"curies":[{"name":"wp","href":"https:\/\/api.w.org\/{rel}","templated":true}]}}