{"id":47107,"date":"2026-04-29T11:55:50","date_gmt":"2026-04-29T09:55:50","guid":{"rendered":"https:\/\/infermeriabalear.com\/?p=47107"},"modified":"2026-04-29T16:26:03","modified_gmt":"2026-04-29T14:26:03","slug":"informacion-horario-delegaciones-eivissa-formentera-y-menorca-desde-el-4-al-8-de-mayo","status":"publish","type":"post","link":"https:\/\/infermeriabalear.com\/es\/2026\/04\/29\/informacion-horario-delegaciones-eivissa-formentera-y-menorca-desde-el-4-al-8-de-mayo\/","title":{"rendered":"Informaci\u00f3n horario delegaciones Eivissa-Formentera y Menorca desde el 4 al 8 de mayo"},"content":{"rendered":"<p style=\"text-align: left;\">En las delegaciones Eivissa-Formentera y Menorca desde el 4 al 8 de mayo, ambos inclusive, el horario de atenci\u00f3n colegial ser\u00e1 el siguiente:<\/p>\n<p><strong>Eivissa-Formentera<\/strong>:<\/p>\n<p>Lunes 4: de 14:00h a 18:00h<\/p>\n<p>Martes 5, Mi\u00e9rcoles 6 y Jueves 7: de 9:30h a 13:30h<\/p>\n<p>Viernes 8: de 10:30 a 13:30h<\/p>\n<p><strong>Menorca<\/strong>:<\/p>\n<p>Lunes 4: de 16:00h a 20:00h<\/p>\n<p>Desde el Martes 5 al Viernes 8: de 09:00h a 13:00h.<\/p>\n<p>&nbsp;<\/p>\n<p>Os recordamos que a trav\u00e9s de la ventanilla \u00fanica pod\u00e9is realizar tr\u00e1mites las 24 horas del d\u00eda, 7 d\u00edas a la semana.<\/p>\n<p>Disculpad las molestias.<\/p>\n","protected":false},"excerpt":{"rendered":"<p>En las delegaciones Eivissa-Formentera y Menorca desde el 4 al 8 de mayo, ambos inclusive, el horario de atenci\u00f3n colegial&#8230;<\/p>\n","protected":false},"author":23,"featured_media":29286,"comment_status":"open","ping_status":"closed","sticky":false,"template":"","format":"standard","meta":{"footnotes":""},"categories":[376,315],"tags":[326,385,577],"class_list":["post-47107","post","type-post","status-publish","format-standard","has-post-thumbnail","hentry","category-noticias-destacadas-2columna","category-noticias","tag-coiba","tag-horario","tag-menorca"],"_links":{"self":[{"href":"https:\/\/infermeriabalear.com\/es\/wp-json\/wp\/v2\/posts\/47107","targetHints":{"allow":["GET"]}}],"collection":[{"href":"https:\/\/infermeriabalear.com\/es\/wp-json\/wp\/v2\/posts"}],"about":[{"href":"https:\/\/infermeriabalear.com\/es\/wp-json\/wp\/v2\/types\/post"}],"author":[{"embeddable":true,"href":"https:\/\/infermeriabalear.com\/es\/wp-json\/wp\/v2\/users\/23"}],"replies":[{"embeddable":true,"href":"https:\/\/infermeriabalear.com\/es\/wp-json\/wp\/v2\/comments?post=47107"}],"version-history":[{"count":6,"href":"https:\/\/infermeriabalear.com\/es\/wp-json\/wp\/v2\/posts\/47107\/revisions"}],"predecessor-version":[{"id":47449,"href":"https:\/\/infermeriabalear.com\/es\/wp-json\/wp\/v2\/posts\/47107\/revisions\/47449"}],"wp:featuredmedia":[{"embeddable":true,"href":"https:\/\/infermeriabalear.com\/es\/wp-json\/wp\/v2\/media\/29286"}],"wp:attachment":[{"href":"https:\/\/infermeriabalear.com\/es\/wp-json\/wp\/v2\/media?parent=47107"}],"wp:term":[{"taxonomy":"category","embeddable":true,"href":"https:\/\/infermeriabalear.com\/es\/wp-json\/wp\/v2\/categories?post=47107"},{"taxonomy":"post_tag","embeddable":true,"href":"https:\/\/infermeriabalear.com\/es\/wp-json\/wp\/v2\/tags?post=47107"}],"curies":[{"name":"wp","href":"https:\/\/api.w.org\/{rel}","templated":true}]}}