{"id":47419,"date":"2026-04-27T15:08:57","date_gmt":"2026-04-27T13:08:57","guid":{"rendered":"https:\/\/infermeriabalear.com\/?p=47419"},"modified":"2026-04-27T15:18:20","modified_gmt":"2026-04-27T13:18:20","slug":"hospital-de-llevant-busca-enfermera-para-planta-mallorca","status":"publish","type":"post","link":"https:\/\/infermeriabalear.com\/es\/2026\/04\/27\/hospital-de-llevant-busca-enfermera-para-planta-mallorca\/","title":{"rendered":"Hospital de Llevant busca enfermera para planta &#8211; Mallorca"},"content":{"rendered":"<p><strong>Hospital de Llevant busca enfermera\/o para Mallorca <\/strong><\/p>\n<p><strong>\u00a0<\/strong><\/p>\n<p><strong>Oferta de empleo para<\/strong> <strong>Hospital de Llevant S.L.<\/strong><\/p>\n<p><strong>(Centro privado concertado)<\/strong><\/p>\n<p>&nbsp;<\/p>\n<p><strong>Lugar de trabajo<\/strong>: Manacor<\/p>\n<p><strong>\u00c1mbito:<\/strong> Generalista<\/p>\n<p><strong>Sueldo aproximado<\/strong>: 34.000 \u20ac \/ bruto anual<\/p>\n<p><strong>Requisitos:<\/strong><strong>\u00a0\u00a0<\/strong>T\u00edtulo de enfermer\u00eda\u00a0\u2013\u00a0Estar colegiado\/a<\/p>\n<p><strong>Tipo de jornada<\/strong>: turnos de 12 horas<\/p>\n<p><strong>Tipo de contrato:\u00a0<\/strong>Fijo discontinuo<\/p>\n<p><strong>Nombre de vacants:\u00a0<\/strong>1<\/p>\n<p><strong>Contacto:<\/strong><strong> \u00a0<a href=\"mailto:joan.duran@caserservicios.es\">joan.duran@caserservicios.es<\/a><\/strong><\/p>\n<p>&nbsp;<\/p>\n<p>Autor\u00eda de la foto: Ariadna Creus y \u00c0ngel Garc\u00eda, Banco de Im\u00e1genes Enfermeras COIB<\/p>\n","protected":false},"excerpt":{"rendered":"<p>Hospital de Llevant busca enfermera\/o para Mallorca \u00a0 Oferta de empleo para Hospital de Llevant S.L. (Centro privado concertado) &nbsp;&#8230;<\/p>\n","protected":false},"author":23,"featured_media":47420,"comment_status":"open","ping_status":"closed","sticky":false,"template":"","format":"standard","meta":{"footnotes":""},"categories":[1187],"tags":[1188,123,317],"class_list":["post-47419","post","type-post","status-publish","format-standard","has-post-thumbnail","hentry","category-ofertas_empleo-autonomicas","tag-autonomicas","tag-empleo","tag-ofertas"],"_links":{"self":[{"href":"https:\/\/infermeriabalear.com\/es\/wp-json\/wp\/v2\/posts\/47419","targetHints":{"allow":["GET"]}}],"collection":[{"href":"https:\/\/infermeriabalear.com\/es\/wp-json\/wp\/v2\/posts"}],"about":[{"href":"https:\/\/infermeriabalear.com\/es\/wp-json\/wp\/v2\/types\/post"}],"author":[{"embeddable":true,"href":"https:\/\/infermeriabalear.com\/es\/wp-json\/wp\/v2\/users\/23"}],"replies":[{"embeddable":true,"href":"https:\/\/infermeriabalear.com\/es\/wp-json\/wp\/v2\/comments?post=47419"}],"version-history":[{"count":4,"href":"https:\/\/infermeriabalear.com\/es\/wp-json\/wp\/v2\/posts\/47419\/revisions"}],"predecessor-version":[{"id":47424,"href":"https:\/\/infermeriabalear.com\/es\/wp-json\/wp\/v2\/posts\/47419\/revisions\/47424"}],"wp:featuredmedia":[{"embeddable":true,"href":"https:\/\/infermeriabalear.com\/es\/wp-json\/wp\/v2\/media\/47420"}],"wp:attachment":[{"href":"https:\/\/infermeriabalear.com\/es\/wp-json\/wp\/v2\/media?parent=47419"}],"wp:term":[{"taxonomy":"category","embeddable":true,"href":"https:\/\/infermeriabalear.com\/es\/wp-json\/wp\/v2\/categories?post=47419"},{"taxonomy":"post_tag","embeddable":true,"href":"https:\/\/infermeriabalear.com\/es\/wp-json\/wp\/v2\/tags?post=47419"}],"curies":[{"name":"wp","href":"https:\/\/api.w.org\/{rel}","templated":true}]}}