{"id":47450,"date":"2026-04-29T16:46:13","date_gmt":"2026-04-29T14:46:13","guid":{"rendered":"https:\/\/infermeriabalear.com\/?p=47450"},"modified":"2026-04-29T18:10:53","modified_gmt":"2026-04-29T16:10:53","slug":"abic-coiba-reunion-liderazgo-enfermero","status":"publish","type":"post","link":"https:\/\/infermeriabalear.com\/es\/2026\/04\/29\/abic-coiba-reunion-liderazgo-enfermero\/","title":{"rendered":"ABIC y COIBA organizan una reuni\u00f3n informativa sobre liderazgo enfermero: 4 de mayo &#8211; 16:30h"},"content":{"rendered":"<p><img loading=\"lazy\" decoding=\"async\" class=\"wp-image-47452 alignright\" src=\"https:\/\/infermeriabalear.com\/wp-content\/uploads\/2026\/04\/Reunio-ABIC-COIBA_ZBS-1.png\" alt=\"\" width=\"309\" height=\"386\" srcset=\"https:\/\/infermeriabalear.com\/wp-content\/uploads\/2026\/04\/Reunio-ABIC-COIBA_ZBS-1.png 1080w, https:\/\/infermeriabalear.com\/wp-content\/uploads\/2026\/04\/Reunio-ABIC-COIBA_ZBS-1-240x300.png 240w, https:\/\/infermeriabalear.com\/wp-content\/uploads\/2026\/04\/Reunio-ABIC-COIBA_ZBS-1-768x960.png 768w, https:\/\/infermeriabalear.com\/wp-content\/uploads\/2026\/04\/Reunio-ABIC-COIBA_ZBS-1-10x12.png 10w\" sizes=\"auto, (max-width: 309px) 100vw, 309px\" \/>La Associaci\u00f3 Balear d\u2019Infermeria Comunit\u00e0ria (ABIC) y el Col\u00b7legi Oficial d\u2019Infermeres i Infermers de les Illes Balears (COIBA) organizamos una reuni\u00f3n informativa abierta a todas las enfermeras y enfermeros para abordar la situaci\u00f3n derivada de una sentencia que pone en riesgo el liderazgo enfermero con la obligaci\u00f3n de cesar una directora de ZBS por el hecho de ser enfermera.<\/p>\n<p>Queremos ofrecer un espacio de encuentro para aclarar dudas, escuchar y compartir reflexiones, as\u00ed como para poner la mirada hacia acciones presentes y futuras encaminadas a continuar reforzando el liderazgo de la profesi\u00f3n. La reuni\u00f3n se podr\u00e1 seguir de manera presencial a las tres sedes del COIBA (Palma, Menorca y Pitiusas) y de manera online (inscripci\u00f3n previa).<\/p>\n<p><strong>M\u00e1s detalles:<\/strong><\/p>\n<p style=\"padding-left: 40px;\">-Fecha y hora: <strong>4 de mayo &#8211; 16:30<br \/>\n<\/strong>-Lugar: <strong>presencial en las tres sedes del COIBA (<span style=\"color: #73c8d1;\"><a style=\"color: #73c8d1;\" href=\"https:\/\/infermeriabalear.com\/ca\/sedes\/\" target=\"_blank\" rel=\"noopener\">Palma, Menorca e Ibiza<\/a><\/span>)<br \/>\n<\/strong>&#8211;<strong>Online: <\/strong><strong>imprescindible previa inscripci\u00f3n a trav\u00e9s de este <span style=\"color: #73c8d1;\"><a style=\"color: #73c8d1;\" href=\"https:\/\/forms.cloud.microsoft\/Pages\/DesignPageV2.aspx?subpage=design&amp;FormId=9QCjazaqG0SQZTFX3-h-YIRbw-fbn5tIjQRpY5-NM41UQ0VLOENaS1ZEVkEwS0gwR0VYN1VIVUdJVC4u&amp;Token=03b4555ea7374b79b9bffd8655a3a527\" target=\"_blank\" rel=\"noopener\">FORMULARIO <\/a><\/span><\/strong>para poderos enviar el enlace a la reuni\u00f3n<\/p>\n<p style=\"padding-left: 40px;\">\n","protected":false},"excerpt":{"rendered":"<p>La Associaci\u00f3 Balear d\u2019Infermeria Comunit\u00e0ria (ABIC) y el Col\u00b7legi Oficial d\u2019Infermeres i Infermers de les Illes Balears (COIBA) organizamos una&#8230;<\/p>\n","protected":false},"author":19,"featured_media":47451,"comment_status":"open","ping_status":"closed","sticky":false,"template":"","format":"standard","meta":{"footnotes":""},"categories":[314,315,370],"tags":[326,1254,1248,1255],"class_list":["post-47450","post","type-post","status-publish","format-standard","has-post-thumbnail","hentry","category-eventos-coiba","category-noticias","category-noticias-destacadas","tag-coiba","tag-escritoras","tag-infermeres","tag-literatura"],"_links":{"self":[{"href":"https:\/\/infermeriabalear.com\/es\/wp-json\/wp\/v2\/posts\/47450","targetHints":{"allow":["GET"]}}],"collection":[{"href":"https:\/\/infermeriabalear.com\/es\/wp-json\/wp\/v2\/posts"}],"about":[{"href":"https:\/\/infermeriabalear.com\/es\/wp-json\/wp\/v2\/types\/post"}],"author":[{"embeddable":true,"href":"https:\/\/infermeriabalear.com\/es\/wp-json\/wp\/v2\/users\/19"}],"replies":[{"embeddable":true,"href":"https:\/\/infermeriabalear.com\/es\/wp-json\/wp\/v2\/comments?post=47450"}],"version-history":[{"count":9,"href":"https:\/\/infermeriabalear.com\/es\/wp-json\/wp\/v2\/posts\/47450\/revisions"}],"predecessor-version":[{"id":47461,"href":"https:\/\/infermeriabalear.com\/es\/wp-json\/wp\/v2\/posts\/47450\/revisions\/47461"}],"wp:featuredmedia":[{"embeddable":true,"href":"https:\/\/infermeriabalear.com\/es\/wp-json\/wp\/v2\/media\/47451"}],"wp:attachment":[{"href":"https:\/\/infermeriabalear.com\/es\/wp-json\/wp\/v2\/media?parent=47450"}],"wp:term":[{"taxonomy":"category","embeddable":true,"href":"https:\/\/infermeriabalear.com\/es\/wp-json\/wp\/v2\/categories?post=47450"},{"taxonomy":"post_tag","embeddable":true,"href":"https:\/\/infermeriabalear.com\/es\/wp-json\/wp\/v2\/tags?post=47450"}],"curies":[{"name":"wp","href":"https:\/\/api.w.org\/{rel}","templated":true}]}}