{"id":47489,"date":"2026-04-30T14:29:38","date_gmt":"2026-04-30T12:29:38","guid":{"rendered":"https:\/\/infermeriabalear.com\/?p=47489"},"modified":"2026-04-30T16:11:40","modified_gmt":"2026-04-30T14:11:40","slug":"convocatoria-comision-salud-genero","status":"publish","type":"post","link":"https:\/\/infermeriabalear.com\/es\/2026\/04\/30\/convocatoria-comision-salud-genero\/","title":{"rendered":"El COIBA abre convocatoria para la creaci\u00f3n de una Comisi\u00f3n de Salud y G\u00e9nero"},"content":{"rendered":"<p><img loading=\"lazy\" decoding=\"async\" class=\"wp-image-47503 aligncenter\" src=\"https:\/\/infermeriabalear.com\/wp-content\/uploads\/2026\/04\/salud-y-genero-1.png\" alt=\"\" width=\"794\" height=\"447\" srcset=\"https:\/\/infermeriabalear.com\/wp-content\/uploads\/2026\/04\/salud-y-genero-1.png 1600w, https:\/\/infermeriabalear.com\/wp-content\/uploads\/2026\/04\/salud-y-genero-1-300x169.png 300w, https:\/\/infermeriabalear.com\/wp-content\/uploads\/2026\/04\/salud-y-genero-1-400x225.png 400w, https:\/\/infermeriabalear.com\/wp-content\/uploads\/2026\/04\/salud-y-genero-1-768x432.png 768w, https:\/\/infermeriabalear.com\/wp-content\/uploads\/2026\/04\/salud-y-genero-1-1536x864.png 1536w, https:\/\/infermeriabalear.com\/wp-content\/uploads\/2026\/04\/salud-y-genero-1-18x10.png 18w\" sizes=\"auto, (max-width: 794px) 100vw, 794px\" \/><\/p>\n<p>El Col\u00b7legi Oficial d\u2019Infermeres i Infermers de les Illes Balears (COIBA) quiere impulsar la creaci\u00f3n de una Comisi\u00f3n de Salud y G\u00e9nero. Con este objetivo, se abre una convocatoria para que las enfermeras que quieran formar parte de ella puedan enviar sus solicitudes del 30 de abril al 24 de mayo.<\/p>\n<p>El objetivo de este nuevo grupo de trabajo es promover la incorporaci\u00f3n transversal de la perspectiva de g\u00e9nero en el \u00e1mbito de la salud desde un enfoque feminista, de derechos humanos y de equidad, contribuyendo al desarrollo de una pr\u00e1ctica enfermera segura, justa, basada en la evidencia y comprometida con la salud de la poblaci\u00f3n y, especialmente, de las mujeres y otros colectivos vulnerables.<\/p>\n<p>Esta comisi\u00f3n vehicular\u00e1 y reforzar\u00e1 las acciones el Colegio encaminadas a favorecer una pr\u00e1ctica enfermera que integre un enfoque feminista e interseccional, promoviendo la formaci\u00f3n, la investigaci\u00f3n y la sensibilizaci\u00f3n como ejes fundamentales para avanzar hacia unos servicios sanitarios m\u00e1s justos, accesibles y adaptados a las necesidades reales de la ciudadan\u00eda.<\/p>\n<p><strong>\u00bfC\u00f3mo presentar la solicitud para unirse a la comisi\u00f3n?<\/strong><\/p>\n<blockquote><p>Consulta las bases para conocer los requisitos: <strong><span style=\"color: #73c8d1;\"><a style=\"color: #73c8d1;\" href=\"https:\/\/infermeriabalear.com\/wp-content\/uploads\/2026\/04\/Convocatoria-Salud-y-Genero-CAST.pdf\" target=\"_blank\" rel=\"noopener\">BASES<\/a><\/span><\/strong><\/p>\n<p>Rellena este formulario online y adjunta los documentos que solicita (curr\u00edculum y carta de motivaci\u00f3n): <strong><span style=\"color: #73c8d1;\"><a style=\"color: #73c8d1;\" href=\"https:\/\/infermeriabalear.com\/ca\/solicitud-miembro-comision\/\" target=\"_blank\" rel=\"noopener\">FORMULARIO<\/a><\/span><\/strong><\/p>\n<p>Plazo abierto del<strong>\u00a030 de abril al 24 de mayo 2026 (ambos incluidos).<\/strong><\/p><\/blockquote>\n","protected":false},"excerpt":{"rendered":"<p>El Col\u00b7legi Oficial d\u2019Infermeres i Infermers de les Illes Balears (COIBA) quiere impulsar la creaci\u00f3n de una Comisi\u00f3n de Salud&#8230;<\/p>\n","protected":false},"author":19,"featured_media":47503,"comment_status":"open","ping_status":"closed","sticky":false,"template":"","format":"standard","meta":{"footnotes":""},"categories":[376,315],"tags":[1218,444,685,481,393],"class_list":["post-47489","post","type-post","status-publish","format-standard","has-post-thumbnail","hentry","category-noticias-destacadas-2columna","category-noticias","tag-centro-de-salud","tag-comision","tag-comunitaria","tag-convocatoria","tag-enfermera"],"_links":{"self":[{"href":"https:\/\/infermeriabalear.com\/es\/wp-json\/wp\/v2\/posts\/47489","targetHints":{"allow":["GET"]}}],"collection":[{"href":"https:\/\/infermeriabalear.com\/es\/wp-json\/wp\/v2\/posts"}],"about":[{"href":"https:\/\/infermeriabalear.com\/es\/wp-json\/wp\/v2\/types\/post"}],"author":[{"embeddable":true,"href":"https:\/\/infermeriabalear.com\/es\/wp-json\/wp\/v2\/users\/19"}],"replies":[{"embeddable":true,"href":"https:\/\/infermeriabalear.com\/es\/wp-json\/wp\/v2\/comments?post=47489"}],"version-history":[{"count":5,"href":"https:\/\/infermeriabalear.com\/es\/wp-json\/wp\/v2\/posts\/47489\/revisions"}],"predecessor-version":[{"id":47505,"href":"https:\/\/infermeriabalear.com\/es\/wp-json\/wp\/v2\/posts\/47489\/revisions\/47505"}],"wp:featuredmedia":[{"embeddable":true,"href":"https:\/\/infermeriabalear.com\/es\/wp-json\/wp\/v2\/media\/47503"}],"wp:attachment":[{"href":"https:\/\/infermeriabalear.com\/es\/wp-json\/wp\/v2\/media?parent=47489"}],"wp:term":[{"taxonomy":"category","embeddable":true,"href":"https:\/\/infermeriabalear.com\/es\/wp-json\/wp\/v2\/categories?post=47489"},{"taxonomy":"post_tag","embeddable":true,"href":"https:\/\/infermeriabalear.com\/es\/wp-json\/wp\/v2\/tags?post=47489"}],"curies":[{"name":"wp","href":"https:\/\/api.w.org\/{rel}","templated":true}]}}