{"id":48748,"date":"2026-08-14T13:30:35","date_gmt":"2026-08-14T11:30:35","guid":{"rendered":"https:\/\/infermeriabalear.com\/?p=48748"},"modified":"2026-08-28T10:18:45","modified_gmt":"2026-08-28T08:18:45","slug":"iii-jornada-internacional-sedan-palma-26-de-septiembre-de-2026","status":"publish","type":"post","link":"https:\/\/infermeriabalear.com\/es\/2026\/08\/14\/iii-jornada-internacional-sedan-palma-26-de-septiembre-de-2026\/","title":{"rendered":"III Jornada Internacional SEDAN &#8211; Palma, 26 de septiembre de 2026"},"content":{"rendered":"<p data-start=\"461\" data-end=\"763\">Fundaci\u00f3 Aspace Balears organiza la tercera edici\u00f3n de esta jornada, bajo el lema &#8220;<strong>Sensaciones, Emociones y Dolor en Alteraciones del Neurodesarrollo (SEDAN). De la investigaci\u00f3n a la pr\u00e1ctica cl\u00ednica&#8221;<\/strong>, dise\u00f1ada para generar un punto de encuentro entre la comunidad cient\u00edfica, los profesionales del \u00e1mbito cl\u00ednico y asistencial, las familias y cualquier persona interesada en el mundo del neurodesarrollo.<\/p>\n<p data-start=\"765\" data-end=\"1012\">Durante la jornada,\u00a0<strong data-start=\"785\" data-end=\"836\">expertos de referencia nacional e internacional<\/strong> compartir\u00e1n investigaciones, experiencias y enfoques aplicados sobre el abordaje de las emociones, sensaciones y el dolor en personas con alteraciones del neurodesarrollo.<\/p>\n<p data-start=\"765\" data-end=\"1012\"><strong>Dirigido a:<\/strong> Profesionales sanitarios, educativos y sociales, estudiantes y personas en formaci\u00f3n, familias, cuidadores y personas con neurodiversidad, y p\u00fablico general con inter\u00e9s en el \u00e1mbito de la discapacidad y la neurociencia.<\/p>\n<p style=\"padding-left: 40px;\">-Fecha: <strong>26 de septiembre de 2026<br \/>\n<\/strong>-Lugar de celebraci\u00f3n:<strong> Caixa F\u00f2rum (Palma) y tambi\u00e9n retransmisi\u00f3n online (streaming). <\/strong>El enlace para acceder a la jornada en modalidad online, se enviar\u00e1 a las personas inscritas una semana antes de la jornada.<strong><br \/>\n<\/strong>-Descargar <span style=\"color: #76c8d1;\"><strong><a style=\"color: #76c8d1;\" href=\"https:\/\/infermeriabalear.com\/wp-content\/uploads\/2026\/08\/ESP-III-SEDAN-PROGRAMA.pdf\" target=\"_blank\" rel=\"noopener\">Programa<\/a><\/strong><\/span><\/p>\n<p><strong>Inscripciones:<\/strong> inscripci\u00f3n gratuita, a trav\u00e9s del siguiente <strong><span style=\"color: #76c8d1;\"><a style=\"color: #76c8d1;\" href=\"https:\/\/docs.google.com\/forms\/d\/e\/1FAIpQLSfbG_SdoIfM_G4NZzjD7aMuvtVwTli8r-Xh04goGmxDPr9JRQ\/viewform\" target=\"_blank\" rel=\"noopener\">formulario<\/a> <\/span><\/strong>(aforo limitado para modalidad presencial).<\/p>\n<p>Plazo de inscripci\u00f3n: <strong>hasta el 18 de septiembre de 2026<\/strong><\/p>\n<p>Plazo de presentaci\u00f3n de env\u00edo de posters: hasta el 1 de septiembre.<\/p>\n<p>M\u00e1s informaci\u00f3n en: <strong><span style=\"color: #76c8d1;\"><a style=\"color: #76c8d1;\" href=\"https:\/\/aspaceib.org\/sedan2026\/\" target=\"_blank\" rel=\"noopener\">SEDAN 2026: III Jornada Internacional | ASPACE Baleares<\/a><\/span>\u00a0<\/strong><\/p>\n","protected":false},"excerpt":{"rendered":"<p>Fundaci\u00f3 Aspace Balears organiza la tercera edici\u00f3n de esta jornada, bajo el lema &#8220;Sensaciones, Emociones y Dolor en Alteraciones del&#8230;<\/p>\n","protected":false},"author":14,"featured_media":48760,"comment_status":"open","ping_status":"closed","sticky":false,"template":"","format":"standard","meta":{"footnotes":""},"categories":[364],"tags":[404,1286],"class_list":["post-48748","post","type-post","status-publish","format-standard","has-post-thumbnail","hentry","category-eventos-otros","tag-congreso","tag-sedan"],"_links":{"self":[{"href":"https:\/\/infermeriabalear.com\/es\/wp-json\/wp\/v2\/posts\/48748","targetHints":{"allow":["GET"]}}],"collection":[{"href":"https:\/\/infermeriabalear.com\/es\/wp-json\/wp\/v2\/posts"}],"about":[{"href":"https:\/\/infermeriabalear.com\/es\/wp-json\/wp\/v2\/types\/post"}],"author":[{"embeddable":true,"href":"https:\/\/infermeriabalear.com\/es\/wp-json\/wp\/v2\/users\/14"}],"replies":[{"embeddable":true,"href":"https:\/\/infermeriabalear.com\/es\/wp-json\/wp\/v2\/comments?post=48748"}],"version-history":[{"count":12,"href":"https:\/\/infermeriabalear.com\/es\/wp-json\/wp\/v2\/posts\/48748\/revisions"}],"predecessor-version":[{"id":48762,"href":"https:\/\/infermeriabalear.com\/es\/wp-json\/wp\/v2\/posts\/48748\/revisions\/48762"}],"wp:featuredmedia":[{"embeddable":true,"href":"https:\/\/infermeriabalear.com\/es\/wp-json\/wp\/v2\/media\/48760"}],"wp:attachment":[{"href":"https:\/\/infermeriabalear.com\/es\/wp-json\/wp\/v2\/media?parent=48748"}],"wp:term":[{"taxonomy":"category","embeddable":true,"href":"https:\/\/infermeriabalear.com\/es\/wp-json\/wp\/v2\/categories?post=48748"},{"taxonomy":"post_tag","embeddable":true,"href":"https:\/\/infermeriabalear.com\/es\/wp-json\/wp\/v2\/tags?post=48748"}],"curies":[{"name":"wp","href":"https:\/\/api.w.org\/{rel}","templated":true}]}}