{"id":48763,"date":"2026-08-28T10:46:46","date_gmt":"2026-08-28T08:46:46","guid":{"rendered":"https:\/\/infermeriabalear.com\/?p=48763"},"modified":"2026-08-28T10:46:46","modified_gmt":"2026-08-28T08:46:46","slug":"hospiten-busca-enfermera-o-para-estepona-malaga","status":"publish","type":"post","link":"https:\/\/infermeriabalear.com\/es\/2026\/08\/28\/hospiten-busca-enfermera-o-para-estepona-malaga\/","title":{"rendered":"Hospiten busca enfermera\/o para Estepona &#8211; M\u00e1laga"},"content":{"rendered":"<p><strong>Oferta laboral para Hospiten<\/strong><\/p>\n<p><strong>(Centro privado concertado)<\/strong><\/p>\n<p>&nbsp;<\/p>\n<p><strong>Lugar de trabajo<\/strong>: Hospiten Estepona<\/p>\n<p><strong>\u00c1mbito:<\/strong> Generalista<\/p>\n<p><strong>Sueldo aproximado<\/strong>: 26.000 \u20ac bruto anual<\/p>\n<p><strong>Requisitos:<\/strong><strong>\u00a0\u00a0<\/strong>T\u00edtulo de enfermer\u00eda \u2013 Estar colegiada\/o.<\/p>\n<p>1 a\u00f1o de experiencia en atenci\u00f3n al paciente, administraci\u00f3n de medicaci\u00f3n, movilizaci\u00f3n de pacientes, control de dietas.<\/p>\n<p><strong>Tipo de jornada<\/strong>: Turnos de 8:00h a 15:00h; de 15:00h a 22:00h y de 22:00h a 8:00h.<\/p>\n<p><strong>Tipo de contrato<\/strong>: Indefinido a jornada completa<\/p>\n<p><strong>N<\/strong><strong>\u00famero de Vacantes<\/strong>: 1<\/p>\n<p><strong>Contacto: <a href=\"mailto:jcampos@hospiten.com\">jcampos@hospiten.com<\/a><\/strong><\/p>\n<p>&nbsp;<\/p>\n<p>&nbsp;<\/p>\n<p>&nbsp;<\/p>\n<p>Autor\u00eda de la foto: Ariadna Creus y \u00c0ngel Garc\u00eda, Banco de Im\u00e1genes Enfermeras COIB<\/p>\n","protected":false},"excerpt":{"rendered":"<p>Oferta laboral para Hospiten (Centro privado concertado) &nbsp; Lugar de trabajo: Hospiten Estepona \u00c1mbito: Generalista Sueldo aproximado: 26.000 \u20ac bruto&#8230;<\/p>\n","protected":false},"author":23,"featured_media":47933,"comment_status":"open","ping_status":"closed","sticky":false,"template":"","format":"standard","meta":{"footnotes":""},"categories":[161],"tags":[123,317],"class_list":["post-48763","post","type-post","status-publish","format-standard","has-post-thumbnail","hentry","category-ofertas_empleo-nacionales","tag-empleo","tag-ofertas"],"_links":{"self":[{"href":"https:\/\/infermeriabalear.com\/es\/wp-json\/wp\/v2\/posts\/48763","targetHints":{"allow":["GET"]}}],"collection":[{"href":"https:\/\/infermeriabalear.com\/es\/wp-json\/wp\/v2\/posts"}],"about":[{"href":"https:\/\/infermeriabalear.com\/es\/wp-json\/wp\/v2\/types\/post"}],"author":[{"embeddable":true,"href":"https:\/\/infermeriabalear.com\/es\/wp-json\/wp\/v2\/users\/23"}],"replies":[{"embeddable":true,"href":"https:\/\/infermeriabalear.com\/es\/wp-json\/wp\/v2\/comments?post=48763"}],"version-history":[{"count":1,"href":"https:\/\/infermeriabalear.com\/es\/wp-json\/wp\/v2\/posts\/48763\/revisions"}],"predecessor-version":[{"id":48764,"href":"https:\/\/infermeriabalear.com\/es\/wp-json\/wp\/v2\/posts\/48763\/revisions\/48764"}],"wp:attachment":[{"href":"https:\/\/infermeriabalear.com\/es\/wp-json\/wp\/v2\/media?parent=48763"}],"wp:term":[{"taxonomy":"category","embeddable":true,"href":"https:\/\/infermeriabalear.com\/es\/wp-json\/wp\/v2\/categories?post=48763"},{"taxonomy":"post_tag","embeddable":true,"href":"https:\/\/infermeriabalear.com\/es\/wp-json\/wp\/v2\/tags?post=48763"}],"curies":[{"name":"wp","href":"https:\/\/api.w.org\/{rel}","templated":true}]}}