{"id":48813,"date":"2026-09-02T14:14:18","date_gmt":"2026-09-02T12:14:18","guid":{"rendered":"https:\/\/infermeriabalear.com\/?p=48813"},"modified":"2026-09-03T12:42:22","modified_gmt":"2026-09-03T10:42:22","slug":"cuidar-residencias-2026","status":"publish","type":"post","link":"https:\/\/infermeriabalear.com\/es\/2026\/09\/02\/cuidar-residencias-2026\/","title":{"rendered":"El COIBA organiza la I Jornada Interislas \u00abCuidar en residencias hoy: desaf\u00edos asistenciales y experiencias compartidas\u00bb"},"content":{"rendered":"<div class=\"wp-block-column\" style=\"flex-basis: 66.66%;\">\r\n<figure class=\"wp-block-image size-large\"><\/figure>\r\n<!-- \/wp:post-content --><\/div>\r\n<h3><!-- \/wp:column -->\r\n\r\n<!-- wp:column {\"width\":33.33} --><\/h3>\r\n<div>\r\n<p><img loading=\"lazy\" decoding=\"async\" class=\"wp-image-48822 aligncenter\" src=\"https:\/\/infermeriabalear.com\/wp-content\/uploads\/2026\/09\/3.png\" alt=\"\" width=\"621\" height=\"349\" srcset=\"https:\/\/infermeriabalear.com\/wp-content\/uploads\/2026\/09\/3.png 1400w, https:\/\/infermeriabalear.com\/wp-content\/uploads\/2026\/09\/3-300x169.png 300w, https:\/\/infermeriabalear.com\/wp-content\/uploads\/2026\/09\/3-400x225.png 400w, https:\/\/infermeriabalear.com\/wp-content\/uploads\/2026\/09\/3-768x432.png 768w, https:\/\/infermeriabalear.com\/wp-content\/uploads\/2026\/09\/3-18x10.png 18w\" sizes=\"auto, (max-width: 621px) 100vw, 621px\" \/><\/p>\r\n<p>La Comisi\u00f3n de Cuidados a las Personas Mayores del Col\u00b7legi Oficial d\u2019Infermeres i Infermers de les Illes Balears (COIBA) organiza el pr\u00f3ximo viernes 2 de octubre la I Jornada Interislas \u00abCuidar en residencias hoy: desaf\u00edos asistenciales y experiencias compartidas\u00bb, un encuentro dirigido a profesionales del \u00e1mbito sociosanitario y de la geriatr\u00eda.<\/p>\r\n<p>La jornada se celebrar\u00e1 de forma presencial en la sede del COIBA en Menorca y nace con el objetivo de crear un espacio de encuentro entre profesionales de diferentes islas para compartir experiencias reales, abordar los retos actuales de la atenci\u00f3n residencial y poner en com\u00fan estrategias y buenas pr\u00e1cticas que contribuyan a mejorar la calidad de los cuidados, enmarcados en una sociedad que se enfrenta a un envejecimiento progresivo de la poblaci\u00f3n, un aumento de la dependencia y de la complejidad asistencial, as\u00ed como con la dificultad para captar y fidelizar profesionales y la necesidad de avanzar hacia una atenci\u00f3n cada vez m\u00e1s humana y centrada en la persona.<\/p>\r\n<p>Durante el encuentro se abordar\u00e1n cuestiones como la humanizaci\u00f3n de los cuidados, la promoci\u00f3n de la autonom\u00eda y la participaci\u00f3n de los residentes, las iniciativas que pueden marcar una diferencia en su bienestar y el uso de tecnolog\u00edas sencillas para mejorar la seguridad y la atenci\u00f3n.<\/p>\r\n<p>&nbsp;<\/p>\r\n<\/div>\r\n<div>\r\n<p><strong>M\u00e1s informaci\u00f3n sobre la jornada:<\/strong><\/p>\r\n<ul>\r\n<li style=\"list-style-type: none;\">\r\n<ul>\r\n<li><strong>Fecha y hora<\/strong>: 2 de octubre, de 09:30 h. a 17:00 h.<\/li>\r\n<li><strong>Lugares:<\/strong> sede del COIBA en Menorca<\/li>\r\n<li><strong>Acreditaci\u00f3n<\/strong> solicitada.<\/li>\r\n<li><strong>Inscripciones:<\/strong><a href=\"https:\/\/vu.infermeriabalear.com\/es\/congresos\/\/6-i-jornada-interislas-cuidar-en-residencias-hoy-desafios-asistenciales-y-experiencias-compartidas-entre-profesionales-y-residentes\" target=\"_blank\" rel=\"noopener\"><span style=\"color: #73c7d1;\"> AQU\u00cd. <\/span><\/a><strong>Fecha l\u00edmite<\/strong>: 28 de septiembre. La jornada tiene aforo limitado y la asistencia es presencial.<\/li>\r\n<li><strong>Programa provisional<\/strong>: <a href=\"https:\/\/infermeriabalear.com\/wp-content\/uploads\/2026\/09\/Programa_web_CAsT.png\" target=\"_blank\" rel=\"noopener\"><span style=\"color: #73c7d1;\">AQU\u00cd\u00a0\u00a0<\/span><\/a><\/li>\r\n<li><strong>Precio: <\/strong>inscripci\u00f3n gratuita.\u00a0<\/li>\r\n<li><strong>Contacto:<\/strong> si ten\u00e9is cualquier duda, pod\u00e9is contactar con el equipo del COIBA a trav\u00e9s del tel\u00e9fono (971 462728) o por correo electr\u00f3nico (<span style=\"color: #73c8d1;\"><a style=\"color: #73c8d1;\" href=\"mailto:coiba.pm@infermeriabalear.com\">coiba.pm@infermeriabalear.com<\/a><\/span>).<\/li>\r\n<\/ul>\r\n<\/li>\r\n<\/ul>\r\n<\/div>","protected":false},"excerpt":{"rendered":"<p>La Comisi\u00f3n de Cuidados a las Personas Mayores del Col\u00b7legi Oficial d\u2019Infermeres i Infermers de les Illes Balears (COIBA) organiza&#8230;<\/p>\n","protected":false},"author":9,"featured_media":48822,"comment_status":"closed","ping_status":"closed","sticky":false,"template":"","format":"standard","meta":{"footnotes":""},"categories":[427,314,370],"tags":[529,101,377,428,527,478,431],"class_list":["post-48813","post","type-post","status-publish","format-standard","has-post-thumbnail","hentry","category-docus-geriatria","category-eventos-coiba","category-noticias-destacadas","tag-balear","tag-eventos","tag-geriatria","tag-gerontologia","tag-jornada","tag-personas-mayores","tag-residencias"],"_links":{"self":[{"href":"https:\/\/infermeriabalear.com\/es\/wp-json\/wp\/v2\/posts\/48813","targetHints":{"allow":["GET"]}}],"collection":[{"href":"https:\/\/infermeriabalear.com\/es\/wp-json\/wp\/v2\/posts"}],"about":[{"href":"https:\/\/infermeriabalear.com\/es\/wp-json\/wp\/v2\/types\/post"}],"author":[{"embeddable":true,"href":"https:\/\/infermeriabalear.com\/es\/wp-json\/wp\/v2\/users\/9"}],"replies":[{"embeddable":true,"href":"https:\/\/infermeriabalear.com\/es\/wp-json\/wp\/v2\/comments?post=48813"}],"version-history":[{"count":4,"href":"https:\/\/infermeriabalear.com\/es\/wp-json\/wp\/v2\/posts\/48813\/revisions"}],"predecessor-version":[{"id":48828,"href":"https:\/\/infermeriabalear.com\/es\/wp-json\/wp\/v2\/posts\/48813\/revisions\/48828"}],"wp:featuredmedia":[{"embeddable":true,"href":"https:\/\/infermeriabalear.com\/es\/wp-json\/wp\/v2\/media\/48822"}],"wp:attachment":[{"href":"https:\/\/infermeriabalear.com\/es\/wp-json\/wp\/v2\/media?parent=48813"}],"wp:term":[{"taxonomy":"category","embeddable":true,"href":"https:\/\/infermeriabalear.com\/es\/wp-json\/wp\/v2\/categories?post=48813"},{"taxonomy":"post_tag","embeddable":true,"href":"https:\/\/infermeriabalear.com\/es\/wp-json\/wp\/v2\/tags?post=48813"}],"curies":[{"name":"wp","href":"https:\/\/api.w.org\/{rel}","templated":true}]}}