{"id":48839,"date":"2026-09-04T12:04:17","date_gmt":"2026-09-04T10:04:17","guid":{"rendered":"https:\/\/infermeriabalear.com\/?p=48839"},"modified":"2026-09-04T12:09:49","modified_gmt":"2026-09-04T10:09:49","slug":"participacion-nursecare","status":"publish","type":"post","link":"https:\/\/infermeriabalear.com\/es\/2026\/09\/04\/participacion-nursecare\/","title":{"rendered":"Convocatoria de participaci\u00f3n: Proyecto de investigaci\u00f3n europeo NurseCare"},"content":{"rendered":"<p>Desde la UIB te invitan a participar en el proyecto de investigaci\u00f3n NurseCare (La cura de s\u00ed de las enfermeras como un camino \u00e9tico y pol\u00edtico hacia la justicia social), financiado por la Comisi\u00f3n Europea (Horizon Europe &#8211; MSCA Postdoctoral Global Fellowship) y desarrollado entre la Universitat de les Illes Balears y la University of Ottawa.<\/p>\n<p>El <strong>objetivo<\/strong> del estudio es comprender el papel de las enfermeras en el avance de la justicia social, analizando c\u00f3mo, en medio de la crisis global de los cuidados, responden y act\u00faan frente a las injusticias vinculadas a su estatus y condiciones laborales en el entorno asistencial a trav\u00e9s de pr\u00e1cticas de cuidado de s\u00ed.<\/p>\n<p><strong>Requisitos para participar:<\/strong><\/p>\n<ul>\n<li style=\"list-style-type: none;\">\n<ul>\n<li>Ser enfermera\/o en el sistema sanitario p\u00fablico espa\u00f1ol.<\/li>\n<li>Contar con al menos 6 meses de experiencia profesional.<\/li>\n<li>Identificarte como un\/a profesional con perspectiva cr\u00edtica.<\/li>\n<li>Tener fluidez en espa\u00f1ol o catal\u00e1n.<\/li>\n<\/ul>\n<\/li>\n<\/ul>\n<p>&nbsp;<\/p>\n<p><strong>\u00bfEn qu\u00e9 consiste la colaboraci\u00f3n?<\/strong> Realizaci\u00f3n de una entrevista individual y confidencial en l\u00ednea (v\u00eda Microsoft Teams), que se programar\u00e1 en el d\u00eda y horario que mejor se adapte a la disponibilidad del participante.<\/p>\n<p><strong>Contacto e inscripci\u00f3n:<\/strong> Las personas interesadas en participar o recibir m\u00e1s informaci\u00f3n pueden escribir directamente a la investigadora principal, la Dra. Camelia L\u00f3pez Deflory, a trav\u00e9s del correo electr\u00f3nico: camelia.lopez@uib.es<\/p>\n","protected":false},"excerpt":{"rendered":"<p>Desde la UIB te invitan a participar en el proyecto de investigaci\u00f3n NurseCare (La cura de s\u00ed de las enfermeras&#8230;<\/p>\n","protected":false},"author":9,"featured_media":48840,"comment_status":"open","ping_status":"closed","sticky":false,"template":"","format":"standard","meta":{"footnotes":""},"categories":[970,315],"tags":[454,374,1349,593],"class_list":["post-48839","post","type-post","status-publish","format-standard","has-post-thumbnail","hentry","category-participacion-estudios","category-noticias","tag-estudio","tag-investigacion","tag-nursecare","tag-uib"],"_links":{"self":[{"href":"https:\/\/infermeriabalear.com\/es\/wp-json\/wp\/v2\/posts\/48839","targetHints":{"allow":["GET"]}}],"collection":[{"href":"https:\/\/infermeriabalear.com\/es\/wp-json\/wp\/v2\/posts"}],"about":[{"href":"https:\/\/infermeriabalear.com\/es\/wp-json\/wp\/v2\/types\/post"}],"author":[{"embeddable":true,"href":"https:\/\/infermeriabalear.com\/es\/wp-json\/wp\/v2\/users\/9"}],"replies":[{"embeddable":true,"href":"https:\/\/infermeriabalear.com\/es\/wp-json\/wp\/v2\/comments?post=48839"}],"version-history":[{"count":7,"href":"https:\/\/infermeriabalear.com\/es\/wp-json\/wp\/v2\/posts\/48839\/revisions"}],"predecessor-version":[{"id":48847,"href":"https:\/\/infermeriabalear.com\/es\/wp-json\/wp\/v2\/posts\/48839\/revisions\/48847"}],"wp:featuredmedia":[{"embeddable":true,"href":"https:\/\/infermeriabalear.com\/es\/wp-json\/wp\/v2\/media\/48840"}],"wp:attachment":[{"href":"https:\/\/infermeriabalear.com\/es\/wp-json\/wp\/v2\/media?parent=48839"}],"wp:term":[{"taxonomy":"category","embeddable":true,"href":"https:\/\/infermeriabalear.com\/es\/wp-json\/wp\/v2\/categories?post=48839"},{"taxonomy":"post_tag","embeddable":true,"href":"https:\/\/infermeriabalear.com\/es\/wp-json\/wp\/v2\/tags?post=48839"}],"curies":[{"name":"wp","href":"https:\/\/api.w.org\/{rel}","templated":true}]}}